{"id":1159,"date":"2023-07-24T09:32:17","date_gmt":"2023-07-24T08:32:17","guid":{"rendered":"https:\/\/www.cnam.ie\/?p=1159"},"modified":"2025-01-22T14:48:28","modified_gmt":"2025-01-22T14:48:28","slug":"babhta-maoinithe-chun-tacu-le-raidio-neamhspleach-trachtala-fograithe","status":"publish","type":"post","link":"https:\/\/www.cnam.ie\/ga\/babhta-maoinithe-chun-tacu-le-raidio-neamhspleach-trachtala-fograithe\/","title":{"rendered":"Babhta Maoinithe chun Tac\u00fa le Raidi\u00f3 Neamhsple\u00e1ch Tr\u00e1cht\u00e1la F\u00f3graithe"},"content":{"rendered":"\n<p>T\u00e1 Coimisi\u00fan na Me\u00e1n ag glacadh le hiarratais anois \u00f3 St\u00e1isi\u00fain Raidi\u00f3 Tr\u00e1cht\u00e1la Neamhsple\u00e1ch ar mhaoini\u00fa faoi bhabhta maoinithe forbartha den Sc\u00e9im Sound &amp; Vision.<\/p>\n\n\n\n<p>T\u00e1 an tionscnamh maoinithe seo \u00e1 chur i bhfeidhm mar fhreagra ar iarratas \u00f3n Aire Turas\u00f3ireachta, Cult\u00fair, Eala\u00edon, Gaeltachta, Sp\u00f3irt agus Me\u00e1n, Catherine Martin, TD, a fuair \u20ac2.5 milli\u00fan breise do Sc\u00e9im Fuaim &amp; F\u00eds Coimisi\u00fan na Me\u00e1n chun tac\u00fa leis an mbabhta.<\/p>\n\n\n\n<p>T\u00e1 s\u00e9 mar aidhm ag an mbabhta seo maoini\u00fa a thairiscint do st\u00e1isi\u00fain Raidi\u00f3 Tr\u00e1cht\u00e1la Neamhsple\u00e1ch chun \u00e1bhar cl\u00e1ir nua agus breise a fhorbairt agus a th\u00e1irgeadh d\u00e1 lucht f\u00e9achana. I gcomhairle le Craolt\u00f3ir\u00ed Neamhsple\u00e1cha na h\u00c9ireann (\u201cIBI\u201d), t\u00e1 roinnt r\u00e9ims\u00ed strait\u00e9iseacha aitheanta ag Coimisi\u00fan na Me\u00e1n le haghaidh cl\u00e1r den s\u00f3rt sin a sheachadfaidh cusp\u00f3ir\u00ed an chiste ach a chuideoidh freisin le riachtanais forbartha agus cl\u00e1ir na st\u00e1isi\u00fan agus a chinnteoidh go mbeidh aon \u00e1bhar ann. T\u00e1 an t\u00e1irgeadh \u00e1bhartha agus cuireann s\u00e9 le feals\u00fanacht agus sceideal cl\u00e1r uath\u00fail gach craolt\u00f3ra. \u00c1ir\u00edtear orthu sin Litearthacht sna Me\u00e1in, Claochl\u00fa Digiteach, tionscnaimh Inscne, Comhionannas, \u00c9ags\u00falacht agus Ionchuimsitheacht chomh maith le Pobail agus Pobail Sainsp\u00e9ise a Fhorbairt.<\/p>\n\n\n\n<p>Molann an Coimisi\u00fan go l\u00e1idir do chraolt\u00f3ir\u00ed smaointe a chur chun cinn maidir le cl\u00e1ir chruthaitheacha, nu\u00e1la\u00edocha agus bhreise a mbeidh \u00e1bhar luachmhar mar thoradh orthu don st\u00e1isi\u00fan\/do na st\u00e1isi\u00fain agus don lucht \u00e9isteachta, lena n-\u00e1ir\u00edtear mionlaigh agus daoine \u00f3ga.<\/p>\n\n\n\n<p>T\u00e1 <a href=\"https:\/\/www.cnam.ie\/app\/uploads\/2023\/07\/20230721_SV4_Babtha50_Treoir_GA_vCrioch_BF.pdf\">Treoir d\u2019Iarratas\u00f3ir\u00ed <\/a>ar f\u00e1il<a href=\"https:\/\/www.cnam.ie\/app\/uploads\/2023\/07\/20230721_SV4_Babtha50_Treoir_GA_vCrioch_BF.pdf\">.<\/a><\/p>\n\n\n\n<p>T\u00e1 Foirm Iarratais ar f\u00e1il.<\/p>\n\n\n\n<p>Is \u00e9 <strong>me\u00e1n lae<\/strong> an<strong> 31 L\u00fanasa 2023<\/strong> an d\u00e1ta deiridh chun iarratais chomhl\u00e1naithe a fh\u00e1il.<\/p>\n\n\n\n<p>T\u00e1 seimine\u00e1r eolais agus ceardlann d\u2019iarratas\u00f3ir\u00ed \u00e1 n-eagr\u00fa le Learning Waves Skillnet, an mol oili\u00fana &amp; l\u00edonraithe a shol\u00e1thra\u00edonn Oili\u00faint Saini\u00fail don Earn\u00e1il Raidi\u00f3 Neamhsple\u00e1ch. D\u00e9anfar teagmh\u00e1il le gach iarratas\u00f3ir inch\u00e1ilithe.<\/p>\n\n\n\n<p>Le tuilleadh eolais a fh\u00e1il faoin mbabhta seo, d\u00e9an teagmh\u00e1il le do thoil le <a href=\"mailto:bfurey@cnam.ie\">bfurey@cnam.ie<\/a><\/p>\n","protected":false},"excerpt":{"rendered":"<p>T\u00e1 Coimisi\u00fan na Me\u00e1n ag glacadh le hiarratais anois \u00f3 St\u00e1isi\u00fain Raidi\u00f3 Tr\u00e1cht\u00e1la Neamhsple\u00e1ch ar mhaoini\u00fa faoi bhabhta maoinithe forbartha den Sc\u00e9im Sound &amp; Vision. T\u00e1 an tionscnamh maoinithe seo \u00e1 chur i bhfeidhm mar fhreagra ar iarratas \u00f3n Aire Turas\u00f3ireachta, Cult\u00fair, Eala\u00edon, Gaeltachta, Sp\u00f3irt agus Me\u00e1n, Catherine Martin, TD, a fuair \u20ac2.5 milli\u00fan breise [&hellip;]<\/p>\n","protected":false},"author":14,"featured_media":6605,"comment_status":"closed","ping_status":"closed","sticky":false,"template":"","format":"standard","meta":{"_acf_changed":false,"_relevanssi_hide_post":"","_relevanssi_hide_content":"","_relevanssi_pin_for_all":"","_relevanssi_pin_keywords":"","_relevanssi_unpin_keywords":"","_relevanssi_related_keywords":"","_relevanssi_related_include_ids":"","_relevanssi_related_exclude_ids":"","_relevanssi_related_no_append":"","_relevanssi_related_not_related":"","_relevanssi_related_posts":"617,7605,858,806,7601,3062","_relevanssi_noindex_reason":"","_uag_custom_page_level_css":"","footnotes":""},"categories":[98],"tags":[],"class_list":["post-1159","post","type-post","status-publish","format-standard","has-post-thumbnail","hentry","category-forbairt-na-mean"],"acf":[],"yoast_head":"<!-- This site is optimized with the Yoast SEO plugin v27.5 - https:\/\/yoast.com\/product\/yoast-seo-wordpress\/ -->\n<title>Babhta Maoinithe chun Tac\u00fa le Raidi\u00f3 Neamhsple\u00e1ch Tr\u00e1cht\u00e1la F\u00f3graithe - Coimisi\u00fan na Me\u00e1n<\/title>\n<meta name=\"robots\" content=\"index, follow, max-snippet:-1, max-image-preview:large, max-video-preview:-1\" \/>\n<link rel=\"canonical\" href=\"https:\/\/www.cnam.ie\/ga\/babhta-maoinithe-chun-tacu-le-raidio-neamhspleach-trachtala-fograithe\/\" \/>\n<meta property=\"og:locale\" content=\"ga_IE\" \/>\n<meta property=\"og:type\" content=\"article\" \/>\n<meta property=\"og:title\" content=\"Babhta Maoinithe chun Tac\u00fa le Raidi\u00f3 Neamhsple\u00e1ch Tr\u00e1cht\u00e1la F\u00f3graithe - Coimisi\u00fan na Me\u00e1n\" \/>\n<meta property=\"og:description\" content=\"T\u00e1 Coimisi\u00fan na Me\u00e1n ag glacadh le hiarratais anois \u00f3 St\u00e1isi\u00fain Raidi\u00f3 Tr\u00e1cht\u00e1la Neamhsple\u00e1ch ar mhaoini\u00fa faoi bhabhta maoinithe forbartha den Sc\u00e9im Sound &amp; Vision. T\u00e1 an tionscnamh maoinithe seo \u00e1 chur i bhfeidhm mar fhreagra ar iarratas \u00f3n Aire Turas\u00f3ireachta, Cult\u00fair, Eala\u00edon, Gaeltachta, Sp\u00f3irt agus Me\u00e1n, Catherine Martin, TD, a fuair \u20ac2.5 milli\u00fan breise [&hellip;]\" \/>\n<meta property=\"og:url\" content=\"https:\/\/www.cnam.ie\/ga\/babhta-maoinithe-chun-tacu-le-raidio-neamhspleach-trachtala-fograithe\/\" \/>\n<meta property=\"og:site_name\" content=\"Coimisi\u00fan na Me\u00e1n\" \/>\n<meta property=\"article:publisher\" content=\"https:\/\/www.facebook.com\/CNaM.Ireland\/\" \/>\n<meta property=\"article:published_time\" content=\"2023-07-24T08:32:17+00:00\" \/>\n<meta property=\"article:modified_time\" content=\"2025-01-22T14:48:28+00:00\" \/>\n<meta property=\"og:image\" content=\"https:\/\/www.cnam.ie\/app\/uploads\/2023\/04\/MicrosoftTeams-image-1.jpg\" \/>\n\t<meta property=\"og:image:width\" content=\"1003\" \/>\n\t<meta property=\"og:image:height\" content=\"1003\" \/>\n\t<meta property=\"og:image:type\" content=\"image\/jpeg\" \/>\n<meta name=\"author\" content=\"jcaulfield\" \/>\n<meta name=\"twitter:card\" content=\"summary_large_image\" \/>\n<meta name=\"twitter:creator\" content=\"@CNaM_ie\" \/>\n<meta name=\"twitter:site\" content=\"@CNaM_ie\" \/>\n<meta name=\"twitter:label1\" content=\"Written by\" \/>\n\t<meta name=\"twitter:data1\" content=\"jcaulfield\" \/>\n\t<meta name=\"twitter:label2\" content=\"Est. reading time\" \/>\n\t<meta name=\"twitter:data2\" content=\"2 minutes\" \/>\n<script type=\"application\/ld+json\" class=\"yoast-schema-graph\">{\"@context\":\"https:\\\/\\\/schema.org\",\"@graph\":[{\"@type\":\"Article\",\"@id\":\"https:\\\/\\\/www.cnam.ie\\\/ga\\\/babhta-maoinithe-chun-tacu-le-raidio-neamhspleach-trachtala-fograithe\\\/#article\",\"isPartOf\":{\"@id\":\"https:\\\/\\\/www.cnam.ie\\\/ga\\\/babhta-maoinithe-chun-tacu-le-raidio-neamhspleach-trachtala-fograithe\\\/\"},\"author\":{\"name\":\"jcaulfield\",\"@id\":\"https:\\\/\\\/www.cnam.ie\\\/ga\\\/#\\\/schema\\\/person\\\/27e1cdc186c81a9f141ec27853ade284\"},\"headline\":\"Babhta Maoinithe chun Tac\u00fa le Raidi\u00f3 Neamhsple\u00e1ch Tr\u00e1cht\u00e1la F\u00f3graithe\",\"datePublished\":\"2023-07-24T08:32:17+00:00\",\"dateModified\":\"2025-01-22T14:48:28+00:00\",\"mainEntityOfPage\":{\"@id\":\"https:\\\/\\\/www.cnam.ie\\\/ga\\\/babhta-maoinithe-chun-tacu-le-raidio-neamhspleach-trachtala-fograithe\\\/\"},\"wordCount\":391,\"publisher\":{\"@id\":\"https:\\\/\\\/www.cnam.ie\\\/ga\\\/#organization\"},\"image\":{\"@id\":\"https:\\\/\\\/www.cnam.ie\\\/ga\\\/babhta-maoinithe-chun-tacu-le-raidio-neamhspleach-trachtala-fograithe\\\/#primaryimage\"},\"thumbnailUrl\":\"https:\\\/\\\/www.cnam.ie\\\/app\\\/uploads\\\/2023\\\/04\\\/MicrosoftTeams-image-1.jpg\",\"articleSection\":[\"Forbairt na me\u00e1n\"],\"inLanguage\":\"ga-IE\"},{\"@type\":\"WebPage\",\"@id\":\"https:\\\/\\\/www.cnam.ie\\\/ga\\\/babhta-maoinithe-chun-tacu-le-raidio-neamhspleach-trachtala-fograithe\\\/\",\"url\":\"https:\\\/\\\/www.cnam.ie\\\/ga\\\/babhta-maoinithe-chun-tacu-le-raidio-neamhspleach-trachtala-fograithe\\\/\",\"name\":\"Babhta Maoinithe chun Tac\u00fa le Raidi\u00f3 Neamhsple\u00e1ch Tr\u00e1cht\u00e1la F\u00f3graithe - Coimisi\u00fan na Me\u00e1n\",\"isPartOf\":{\"@id\":\"https:\\\/\\\/www.cnam.ie\\\/ga\\\/#website\"},\"primaryImageOfPage\":{\"@id\":\"https:\\\/\\\/www.cnam.ie\\\/ga\\\/babhta-maoinithe-chun-tacu-le-raidio-neamhspleach-trachtala-fograithe\\\/#primaryimage\"},\"image\":{\"@id\":\"https:\\\/\\\/www.cnam.ie\\\/ga\\\/babhta-maoinithe-chun-tacu-le-raidio-neamhspleach-trachtala-fograithe\\\/#primaryimage\"},\"thumbnailUrl\":\"https:\\\/\\\/www.cnam.ie\\\/app\\\/uploads\\\/2023\\\/04\\\/MicrosoftTeams-image-1.jpg\",\"datePublished\":\"2023-07-24T08:32:17+00:00\",\"dateModified\":\"2025-01-22T14:48:28+00:00\",\"breadcrumb\":{\"@id\":\"https:\\\/\\\/www.cnam.ie\\\/ga\\\/babhta-maoinithe-chun-tacu-le-raidio-neamhspleach-trachtala-fograithe\\\/#breadcrumb\"},\"inLanguage\":\"ga-IE\",\"potentialAction\":[{\"@type\":\"ReadAction\",\"target\":[\"https:\\\/\\\/www.cnam.ie\\\/ga\\\/babhta-maoinithe-chun-tacu-le-raidio-neamhspleach-trachtala-fograithe\\\/\"]}]},{\"@type\":\"ImageObject\",\"inLanguage\":\"ga-IE\",\"@id\":\"https:\\\/\\\/www.cnam.ie\\\/ga\\\/babhta-maoinithe-chun-tacu-le-raidio-neamhspleach-trachtala-fograithe\\\/#primaryimage\",\"url\":\"https:\\\/\\\/www.cnam.ie\\\/app\\\/uploads\\\/2023\\\/04\\\/MicrosoftTeams-image-1.jpg\",\"contentUrl\":\"https:\\\/\\\/www.cnam.ie\\\/app\\\/uploads\\\/2023\\\/04\\\/MicrosoftTeams-image-1.jpg\",\"width\":1003,\"height\":1003,\"caption\":\"Coimisi\u00fan na Me\u00e1n\"},{\"@type\":\"BreadcrumbList\",\"@id\":\"https:\\\/\\\/www.cnam.ie\\\/ga\\\/babhta-maoinithe-chun-tacu-le-raidio-neamhspleach-trachtala-fograithe\\\/#breadcrumb\",\"itemListElement\":[{\"@type\":\"ListItem\",\"position\":1,\"name\":\"Home\",\"item\":\"https:\\\/\\\/www.cnam.ie\\\/ga\\\/\"},{\"@type\":\"ListItem\",\"position\":2,\"name\":\"Babhta Maoinithe chun Tac\u00fa le Raidi\u00f3 Neamhsple\u00e1ch Tr\u00e1cht\u00e1la F\u00f3graithe\"}]},{\"@type\":\"WebSite\",\"@id\":\"https:\\\/\\\/www.cnam.ie\\\/ga\\\/#website\",\"url\":\"https:\\\/\\\/www.cnam.ie\\\/ga\\\/\",\"name\":\"Coimisiun na Mean\",\"description\":\"Coimisi\u00fan na Me\u00e1n\",\"publisher\":{\"@id\":\"https:\\\/\\\/www.cnam.ie\\\/ga\\\/#organization\"},\"potentialAction\":[{\"@type\":\"SearchAction\",\"target\":{\"@type\":\"EntryPoint\",\"urlTemplate\":\"https:\\\/\\\/www.cnam.ie\\\/ga\\\/?s={search_term_string}\"},\"query-input\":{\"@type\":\"PropertyValueSpecification\",\"valueRequired\":true,\"valueName\":\"search_term_string\"}}],\"inLanguage\":\"ga-IE\"},{\"@type\":\"Organization\",\"@id\":\"https:\\\/\\\/www.cnam.ie\\\/ga\\\/#organization\",\"name\":\"Coimisiun na Mean\",\"url\":\"https:\\\/\\\/www.cnam.ie\\\/ga\\\/\",\"logo\":{\"@type\":\"ImageObject\",\"inLanguage\":\"ga-IE\",\"@id\":\"https:\\\/\\\/www.cnam.ie\\\/ga\\\/#\\\/schema\\\/logo\\\/image\\\/\",\"url\":\"https:\\\/\\\/www.cnam.ie\\\/app\\\/uploads\\\/2024\\\/12\\\/Website-image-with-logo.jpg\",\"contentUrl\":\"https:\\\/\\\/www.cnam.ie\\\/app\\\/uploads\\\/2024\\\/12\\\/Website-image-with-logo.jpg\",\"width\":1200,\"height\":800,\"caption\":\"Coimisiun na Mean\"},\"image\":{\"@id\":\"https:\\\/\\\/www.cnam.ie\\\/ga\\\/#\\\/schema\\\/logo\\\/image\\\/\"},\"sameAs\":[\"https:\\\/\\\/www.facebook.com\\\/CNaM.Ireland\\\/\",\"https:\\\/\\\/x.com\\\/CNaM_ie\"]},{\"@type\":\"Person\",\"@id\":\"https:\\\/\\\/www.cnam.ie\\\/ga\\\/#\\\/schema\\\/person\\\/27e1cdc186c81a9f141ec27853ade284\",\"name\":\"jcaulfield\",\"image\":{\"@type\":\"ImageObject\",\"inLanguage\":\"ga-IE\",\"@id\":\"https:\\\/\\\/secure.gravatar.com\\\/avatar\\\/?s=96&d=mm&r=g\",\"url\":\"https:\\\/\\\/secure.gravatar.com\\\/avatar\\\/?s=96&d=mm&r=g\",\"contentUrl\":\"https:\\\/\\\/secure.gravatar.com\\\/avatar\\\/?s=96&d=mm&r=g\",\"caption\":\"jcaulfield\"}}]}<\/script>\n<!-- \/ Yoast SEO plugin. -->","yoast_head_json":{"title":"Babhta Maoinithe chun Tac\u00fa le Raidi\u00f3 Neamhsple\u00e1ch Tr\u00e1cht\u00e1la F\u00f3graithe - Coimisi\u00fan na Me\u00e1n","robots":{"index":"index","follow":"follow","max-snippet":"max-snippet:-1","max-image-preview":"max-image-preview:large","max-video-preview":"max-video-preview:-1"},"canonical":"https:\/\/www.cnam.ie\/ga\/babhta-maoinithe-chun-tacu-le-raidio-neamhspleach-trachtala-fograithe\/","og_locale":"ga_IE","og_type":"article","og_title":"Babhta Maoinithe chun Tac\u00fa le Raidi\u00f3 Neamhsple\u00e1ch Tr\u00e1cht\u00e1la F\u00f3graithe - Coimisi\u00fan na Me\u00e1n","og_description":"T\u00e1 Coimisi\u00fan na Me\u00e1n ag glacadh le hiarratais anois \u00f3 St\u00e1isi\u00fain Raidi\u00f3 Tr\u00e1cht\u00e1la Neamhsple\u00e1ch ar mhaoini\u00fa faoi bhabhta maoinithe forbartha den Sc\u00e9im Sound &amp; Vision. T\u00e1 an tionscnamh maoinithe seo \u00e1 chur i bhfeidhm mar fhreagra ar iarratas \u00f3n Aire Turas\u00f3ireachta, Cult\u00fair, Eala\u00edon, Gaeltachta, Sp\u00f3irt agus Me\u00e1n, Catherine Martin, TD, a fuair \u20ac2.5 milli\u00fan breise [&hellip;]","og_url":"https:\/\/www.cnam.ie\/ga\/babhta-maoinithe-chun-tacu-le-raidio-neamhspleach-trachtala-fograithe\/","og_site_name":"Coimisi\u00fan na Me\u00e1n","article_publisher":"https:\/\/www.facebook.com\/CNaM.Ireland\/","article_published_time":"2023-07-24T08:32:17+00:00","article_modified_time":"2025-01-22T14:48:28+00:00","og_image":[{"width":1003,"height":1003,"url":"https:\/\/www.cnam.ie\/app\/uploads\/2023\/04\/MicrosoftTeams-image-1.jpg","type":"image\/jpeg"}],"author":"jcaulfield","twitter_card":"summary_large_image","twitter_creator":"@CNaM_ie","twitter_site":"@CNaM_ie","twitter_misc":{"Written by":"jcaulfield","Est. reading time":"2 minutes"},"schema":{"@context":"https:\/\/schema.org","@graph":[{"@type":"Article","@id":"https:\/\/www.cnam.ie\/ga\/babhta-maoinithe-chun-tacu-le-raidio-neamhspleach-trachtala-fograithe\/#article","isPartOf":{"@id":"https:\/\/www.cnam.ie\/ga\/babhta-maoinithe-chun-tacu-le-raidio-neamhspleach-trachtala-fograithe\/"},"author":{"name":"jcaulfield","@id":"https:\/\/www.cnam.ie\/ga\/#\/schema\/person\/27e1cdc186c81a9f141ec27853ade284"},"headline":"Babhta Maoinithe chun Tac\u00fa le Raidi\u00f3 Neamhsple\u00e1ch Tr\u00e1cht\u00e1la F\u00f3graithe","datePublished":"2023-07-24T08:32:17+00:00","dateModified":"2025-01-22T14:48:28+00:00","mainEntityOfPage":{"@id":"https:\/\/www.cnam.ie\/ga\/babhta-maoinithe-chun-tacu-le-raidio-neamhspleach-trachtala-fograithe\/"},"wordCount":391,"publisher":{"@id":"https:\/\/www.cnam.ie\/ga\/#organization"},"image":{"@id":"https:\/\/www.cnam.ie\/ga\/babhta-maoinithe-chun-tacu-le-raidio-neamhspleach-trachtala-fograithe\/#primaryimage"},"thumbnailUrl":"https:\/\/www.cnam.ie\/app\/uploads\/2023\/04\/MicrosoftTeams-image-1.jpg","articleSection":["Forbairt na me\u00e1n"],"inLanguage":"ga-IE"},{"@type":"WebPage","@id":"https:\/\/www.cnam.ie\/ga\/babhta-maoinithe-chun-tacu-le-raidio-neamhspleach-trachtala-fograithe\/","url":"https:\/\/www.cnam.ie\/ga\/babhta-maoinithe-chun-tacu-le-raidio-neamhspleach-trachtala-fograithe\/","name":"Babhta Maoinithe chun Tac\u00fa le Raidi\u00f3 Neamhsple\u00e1ch Tr\u00e1cht\u00e1la F\u00f3graithe - Coimisi\u00fan na Me\u00e1n","isPartOf":{"@id":"https:\/\/www.cnam.ie\/ga\/#website"},"primaryImageOfPage":{"@id":"https:\/\/www.cnam.ie\/ga\/babhta-maoinithe-chun-tacu-le-raidio-neamhspleach-trachtala-fograithe\/#primaryimage"},"image":{"@id":"https:\/\/www.cnam.ie\/ga\/babhta-maoinithe-chun-tacu-le-raidio-neamhspleach-trachtala-fograithe\/#primaryimage"},"thumbnailUrl":"https:\/\/www.cnam.ie\/app\/uploads\/2023\/04\/MicrosoftTeams-image-1.jpg","datePublished":"2023-07-24T08:32:17+00:00","dateModified":"2025-01-22T14:48:28+00:00","breadcrumb":{"@id":"https:\/\/www.cnam.ie\/ga\/babhta-maoinithe-chun-tacu-le-raidio-neamhspleach-trachtala-fograithe\/#breadcrumb"},"inLanguage":"ga-IE","potentialAction":[{"@type":"ReadAction","target":["https:\/\/www.cnam.ie\/ga\/babhta-maoinithe-chun-tacu-le-raidio-neamhspleach-trachtala-fograithe\/"]}]},{"@type":"ImageObject","inLanguage":"ga-IE","@id":"https:\/\/www.cnam.ie\/ga\/babhta-maoinithe-chun-tacu-le-raidio-neamhspleach-trachtala-fograithe\/#primaryimage","url":"https:\/\/www.cnam.ie\/app\/uploads\/2023\/04\/MicrosoftTeams-image-1.jpg","contentUrl":"https:\/\/www.cnam.ie\/app\/uploads\/2023\/04\/MicrosoftTeams-image-1.jpg","width":1003,"height":1003,"caption":"Coimisi\u00fan na Me\u00e1n"},{"@type":"BreadcrumbList","@id":"https:\/\/www.cnam.ie\/ga\/babhta-maoinithe-chun-tacu-le-raidio-neamhspleach-trachtala-fograithe\/#breadcrumb","itemListElement":[{"@type":"ListItem","position":1,"name":"Home","item":"https:\/\/www.cnam.ie\/ga\/"},{"@type":"ListItem","position":2,"name":"Babhta Maoinithe chun Tac\u00fa le Raidi\u00f3 Neamhsple\u00e1ch Tr\u00e1cht\u00e1la F\u00f3graithe"}]},{"@type":"WebSite","@id":"https:\/\/www.cnam.ie\/ga\/#website","url":"https:\/\/www.cnam.ie\/ga\/","name":"Coimisiun na Mean","description":"Coimisi\u00fan na Me\u00e1n","publisher":{"@id":"https:\/\/www.cnam.ie\/ga\/#organization"},"potentialAction":[{"@type":"SearchAction","target":{"@type":"EntryPoint","urlTemplate":"https:\/\/www.cnam.ie\/ga\/?s={search_term_string}"},"query-input":{"@type":"PropertyValueSpecification","valueRequired":true,"valueName":"search_term_string"}}],"inLanguage":"ga-IE"},{"@type":"Organization","@id":"https:\/\/www.cnam.ie\/ga\/#organization","name":"Coimisiun na Mean","url":"https:\/\/www.cnam.ie\/ga\/","logo":{"@type":"ImageObject","inLanguage":"ga-IE","@id":"https:\/\/www.cnam.ie\/ga\/#\/schema\/logo\/image\/","url":"https:\/\/www.cnam.ie\/app\/uploads\/2024\/12\/Website-image-with-logo.jpg","contentUrl":"https:\/\/www.cnam.ie\/app\/uploads\/2024\/12\/Website-image-with-logo.jpg","width":1200,"height":800,"caption":"Coimisiun na Mean"},"image":{"@id":"https:\/\/www.cnam.ie\/ga\/#\/schema\/logo\/image\/"},"sameAs":["https:\/\/www.facebook.com\/CNaM.Ireland\/","https:\/\/x.com\/CNaM_ie"]},{"@type":"Person","@id":"https:\/\/www.cnam.ie\/ga\/#\/schema\/person\/27e1cdc186c81a9f141ec27853ade284","name":"jcaulfield","image":{"@type":"ImageObject","inLanguage":"ga-IE","@id":"https:\/\/secure.gravatar.com\/avatar\/?s=96&d=mm&r=g","url":"https:\/\/secure.gravatar.com\/avatar\/?s=96&d=mm&r=g","contentUrl":"https:\/\/secure.gravatar.com\/avatar\/?s=96&d=mm&r=g","caption":"jcaulfield"}}]}},"spectra_custom_meta":{"_wpml_word_count":["{\"total\":320,\"to_translate\":{\"ga\":320}}","{\"total\":320,\"to_translate\":{\"en\":320}}"],"_thumbnail_id":["6605","6605"],"_edit_last":["12","12"],"_wpml_media_duplicate":["1","1"],"_wpml_media_featured":["1","1"],"_wpml_location_migration_done":["1","1"],"_edit_lock":["1737557308:12"],"_relevanssi_related_posts":["617,7605,858,806,7601,3062"],"_encloseme":["1"],"_last_translation_edit_mode":["native-editor"],"_yoast_wpseo_content_score":["30"],"_yoast_wpseo_estimated-reading-time-minutes":["2"],"_wp_page_template":["default"],"_relevanssi_pin_keywords":[""],"_relevanssi_unpin_keywords":[""],"_yoast_wpseo_primary_category":["19"],"_uag_css_file_name":["uag-css-1159.css"],"_uag_js_file_name":["uag-js-1159.js"]},"uagb_featured_image_src":{"full":["https:\/\/www.cnam.ie\/app\/uploads\/2023\/04\/MicrosoftTeams-image-1.jpg",1003,1003,false],"thumbnail":["https:\/\/www.cnam.ie\/app\/uploads\/2023\/04\/MicrosoftTeams-image-1-150x150.jpg",150,150,true],"medium":["https:\/\/www.cnam.ie\/app\/uploads\/2023\/04\/MicrosoftTeams-image-1-300x300.jpg",300,300,true],"medium_large":["https:\/\/www.cnam.ie\/app\/uploads\/2023\/04\/MicrosoftTeams-image-1-768x768.jpg",640,640,true],"large":["https:\/\/www.cnam.ie\/app\/uploads\/2023\/04\/MicrosoftTeams-image-1.jpg",640,640,false],"1536x1536":["https:\/\/www.cnam.ie\/app\/uploads\/2023\/04\/MicrosoftTeams-image-1.jpg",1003,1003,false],"2048x2048":["https:\/\/www.cnam.ie\/app\/uploads\/2023\/04\/MicrosoftTeams-image-1.jpg",1003,1003,false],"gform-image-choice-sm":["https:\/\/www.cnam.ie\/app\/uploads\/2023\/04\/MicrosoftTeams-image-1.jpg",300,300,false],"gform-image-choice-md":["https:\/\/www.cnam.ie\/app\/uploads\/2023\/04\/MicrosoftTeams-image-1.jpg",400,400,false],"gform-image-choice-lg":["https:\/\/www.cnam.ie\/app\/uploads\/2023\/04\/MicrosoftTeams-image-1.jpg",600,600,false]},"uagb_author_info":{"display_name":"jcaulfield","author_link":"https:\/\/www.cnam.ie\/ga\/author\/jcaulfield\/"},"uagb_comment_info":0,"uagb_excerpt":"T\u00e1 Coimisi\u00fan na Me\u00e1n ag glacadh le hiarratais anois \u00f3 St\u00e1isi\u00fain Raidi\u00f3 Tr\u00e1cht\u00e1la Neamhsple\u00e1ch ar mhaoini\u00fa faoi bhabhta maoinithe forbartha den Sc\u00e9im Sound &amp; Vision. T\u00e1 an tionscnamh maoinithe seo \u00e1 chur i bhfeidhm mar fhreagra ar iarratas \u00f3n Aire Turas\u00f3ireachta, Cult\u00fair, Eala\u00edon, Gaeltachta, Sp\u00f3irt agus Me\u00e1n, Catherine Martin, TD, a fuair \u20ac2.5 milli\u00fan breise&hellip;","_links":{"self":[{"href":"https:\/\/www.cnam.ie\/ga\/wp-json\/wp\/v2\/posts\/1159","targetHints":{"allow":["GET"]}}],"collection":[{"href":"https:\/\/www.cnam.ie\/ga\/wp-json\/wp\/v2\/posts"}],"about":[{"href":"https:\/\/www.cnam.ie\/ga\/wp-json\/wp\/v2\/types\/post"}],"author":[{"embeddable":true,"href":"https:\/\/www.cnam.ie\/ga\/wp-json\/wp\/v2\/users\/14"}],"replies":[{"embeddable":true,"href":"https:\/\/www.cnam.ie\/ga\/wp-json\/wp\/v2\/comments?post=1159"}],"version-history":[{"count":2,"href":"https:\/\/www.cnam.ie\/ga\/wp-json\/wp\/v2\/posts\/1159\/revisions"}],"predecessor-version":[{"id":14016,"href":"https:\/\/www.cnam.ie\/ga\/wp-json\/wp\/v2\/posts\/1159\/revisions\/14016"}],"wp:featuredmedia":[{"embeddable":true,"href":"https:\/\/www.cnam.ie\/ga\/wp-json\/wp\/v2\/media\/6605"}],"wp:attachment":[{"href":"https:\/\/www.cnam.ie\/ga\/wp-json\/wp\/v2\/media?parent=1159"}],"wp:term":[{"taxonomy":"category","embeddable":true,"href":"https:\/\/www.cnam.ie\/ga\/wp-json\/wp\/v2\/categories?post=1159"},{"taxonomy":"post_tag","embeddable":true,"href":"https:\/\/www.cnam.ie\/ga\/wp-json\/wp\/v2\/tags?post=1159"}],"curies":[{"name":"wp","href":"https:\/\/api.w.org\/{rel}","templated":true}]}}