{"id":17551,"date":"2025-09-04T10:52:22","date_gmt":"2025-09-04T09:52:22","guid":{"rendered":"https:\/\/www.cnam.ie\/?p=17551"},"modified":"2025-09-04T10:52:23","modified_gmt":"2025-09-04T09:52:23","slug":"fuaim-fis-4-fogra-maidir-babhta-maoinithe","status":"publish","type":"post","link":"https:\/\/www.cnam.ie\/ga\/fuaim-fis-4-fogra-maidir-babhta-maoinithe\/","title":{"rendered":"Fuaim &#038; F\u00eds 4 \u2013 F\u00f3gra maidir babhta maoinithe"},"content":{"rendered":"\n<p>T\u00e1 na sonra\u00ed f\u00f3gartha ag Coimisi\u00fan na Me\u00e1n maidir le babhta maoinithe at\u00e1 le teacht faoin Sc\u00e9im Fuaim &amp; F\u00eds 4. <\/p>\n\n<p>Oscl\u00f3idh babhta nua D\u00e9ardaoin, 16 Deireadh F\u00f3mhair 2025, do chraolt\u00f3ir\u00ed agus do l\u00e9iritheoir\u00ed neamhsple\u00e1cha chun tac\u00fa le h\u00e1bhar craolta a chruth\u00fa a bhfuil luach cult\u00fartha ag baint leis, \u00e1bhar i nGaeilge san \u00e1ireamh. D\u00fanfar an babhta seo ag 12 me\u00e1n lae, D\u00e9ardaoin, 27 Samhain 2025.\u202fT\u00e1thar ag s\u00fail go mbeidh cinnt\u00ed maoinithe ar f\u00e1il faoi dheireadh Mh\u00e1rta 2026.<\/p>\n\n<p><span class=\"TextRun SCXW12015568 BCX0\" lang=\"EN-IE\" xml:lang=\"EN-IE\" data-contrast=\"auto\"><span class=\"NormalTextRun SpellingErrorV2Themed SCXW12015568 BCX0\">Foilseofar<\/span> <span class=\"NormalTextRun SpellingErrorV2Themed SCXW12015568 BCX0\">na<\/span> <span class=\"NormalTextRun SpellingErrorV2Themed SCXW12015568 BCX0\">treoirl\u00ednte<\/span> <span class=\"NormalTextRun SpellingErrorV2Themed SCXW12015568 BCX0\">agus<\/span> <span class=\"NormalTextRun SpellingErrorV2Themed SCXW12015568 BCX0\">na<\/span> <span class=\"NormalTextRun SpellingErrorV2Themed SCXW12015568 BCX0\">foirmeacha<\/span> <span class=\"NormalTextRun SpellingErrorV2Themed SCXW12015568 BCX0\">iarratais<\/span> <span class=\"NormalTextRun SpellingErrorV2Themed SCXW12015568 BCX0\">cu\u00ed<\/span><span class=\"NormalTextRun SCXW12015568 BCX0\"> don <\/span><span class=\"NormalTextRun SpellingErrorV2Themed SCXW12015568 BCX0\">bhabhta<\/span> <span class=\"NormalTextRun SpellingErrorV2Themed SCXW12015568 BCX0\">seo<\/span> <span class=\"NormalTextRun SpellingErrorV2Themed SCXW12015568 BCX0\">ar<\/span> <span class=\"NormalTextRun SpellingErrorV2Themed SCXW12015568 BCX0\">shu\u00edomh<\/span> <span class=\"NormalTextRun SpellingErrorV2Themed SCXW12015568 BCX0\">gr\u00e9as\u00e1in<\/span> <span class=\"NormalTextRun SpellingErrorV2Themed SCXW12015568 BCX0\">Choimisi\u00fan<\/span> <span class=\"NormalTextRun SpellingErrorV2Themed SCXW12015568 BCX0\">na<\/span> <span class=\"NormalTextRun SpellingErrorV2Themed SCXW12015568 BCX0\">Me\u00e1n<\/span> <span class=\"NormalTextRun SpellingErrorV2Themed SCXW12015568 BCX0\">ar<\/span><span class=\"NormalTextRun SCXW12015568 BCX0\"> an <\/span><span class=\"NormalTextRun SpellingErrorV2Themed SCXW12015568 BCX0\">d\u00e1ta<\/span> <span class=\"NormalTextRun SpellingErrorV2Themed SCXW12015568 BCX0\">oscailte<\/span><span class=\"NormalTextRun SCXW12015568 BCX0\">.<\/span><\/span><span class=\"EOP SCXW12015568 BCX0\" data-ccp-props=\"{}\"> <span class=\"NormalTextRun SpellingErrorV2Themed SCXW246823217 BCX0\">Caithfear<\/span> <span class=\"NormalTextRun SpellingErrorV2Themed SCXW246823217 BCX0\">gach<\/span> <span class=\"NormalTextRun SpellingErrorV2Themed SCXW246823217 BCX0\">iarratas<\/span><span class=\"NormalTextRun SCXW246823217 BCX0\"> a <\/span><span class=\"NormalTextRun SpellingErrorV2Themed SCXW246823217 BCX0\">dh\u00e9anamh<\/span> <span class=\"NormalTextRun SpellingErrorV2Themed SCXW246823217 BCX0\">tr\u00ed<\/span><\/span>\u202f<a href=\"http:\/\/www.cnamonline.ie\/\" target=\"_blank\" rel=\"noreferrer noopener\">www.cnamonline.ie<\/a><\/p>\n\n<p>Re\u00e1cht\u00e1lfar seimine\u00e1r gr\u00e9as\u00e1in freisin do dhaoine at\u00e1 ag iarraidh iarratas a dh\u00e9anamh ar an sc\u00e9im. Beidh na sonra\u00ed do seo ar f\u00e1il amach anseo. <\/p>\n\n<p>D\u2019aon fhiosr\u00fach\u00e1in a bhaineann go sonrach leis an Sc\u00e9im Fuaim &amp; F\u00eds d\u00e9an teagmh\u00e1il le\u202f<a href=\"mailto:sv4@cnam.ie\" target=\"_blank\" rel=\"noreferrer noopener\">sv4@cnam.ie<\/a><\/p>\n\n<figure class=\"wp-block-table is-style-stripes\"><table class=\"has-cnam-brown-background-color has-background has-fixed-layout\"><thead><tr><th>D\u00e1ta Oscailte<\/th><th>D\u00e1ta Deiridh<\/th><th>D\u00e1ta na dTortha\u00ed<\/th><\/tr><\/thead><tbody><tr><td>D\u00e9ardaoin 16 Deireadh F\u00f3mhair 2025\u202f<\/td><td>D\u00e9ardaoin \u202f27 Samhain, 12 me\u00e1n lae<\/td><td>Deireadh M\u00e1rta 2026<\/td><\/tr><\/tbody><\/table><\/figure>\n","protected":false},"excerpt":{"rendered":"<p>T\u00e1 na sonra\u00ed f\u00f3gartha ag Coimisi\u00fan na Me\u00e1n maidir le babhta maoinithe at\u00e1 le teacht faoin Sc\u00e9im Fuaim &amp; F\u00eds 4. Oscl\u00f3idh babhta nua D\u00e9ardaoin, 16 Deireadh F\u00f3mhair 2025, do chraolt\u00f3ir\u00ed agus do l\u00e9iritheoir\u00ed neamhsple\u00e1cha chun tac\u00fa le h\u00e1bhar craolta a chruth\u00fa a bhfuil luach cult\u00fartha ag baint leis, \u00e1bhar i nGaeilge san \u00e1ireamh. D\u00fanfar [&hellip;]<\/p>\n","protected":false},"author":10,"featured_media":15120,"comment_status":"closed","ping_status":"closed","sticky":false,"template":"","format":"standard","meta":{"_acf_changed":false,"_relevanssi_hide_post":"","_relevanssi_hide_content":"","_relevanssi_pin_for_all":"","_relevanssi_pin_keywords":"","_relevanssi_unpin_keywords":"","_relevanssi_related_keywords":"","_relevanssi_related_include_ids":"","_relevanssi_related_exclude_ids":"","_relevanssi_related_no_append":"","_relevanssi_related_not_related":"","_relevanssi_related_posts":"5432,17439,4437,7635,3718,7633","_relevanssi_noindex_reason":"","_uag_custom_page_level_css":"","footnotes":""},"categories":[98],"tags":[],"class_list":["post-17551","post","type-post","status-publish","format-standard","has-post-thumbnail","hentry","category-forbairt-na-mean"],"acf":[],"yoast_head":"<!-- This site is optimized with the Yoast SEO plugin v27.4 - https:\/\/yoast.com\/product\/yoast-seo-wordpress\/ -->\n<title>Fuaim &amp; F\u00eds 4 \u2013 F\u00f3gra maidir babhta maoinithe - Coimisi\u00fan na Me\u00e1n<\/title>\n<meta name=\"robots\" content=\"index, follow, max-snippet:-1, max-image-preview:large, max-video-preview:-1\" \/>\n<link rel=\"canonical\" href=\"https:\/\/www.cnam.ie\/ga\/fuaim-fis-4-fogra-maidir-babhta-maoinithe\/\" \/>\n<meta property=\"og:locale\" content=\"ga_IE\" \/>\n<meta property=\"og:type\" content=\"article\" \/>\n<meta property=\"og:title\" content=\"Fuaim &amp; F\u00eds 4 \u2013 F\u00f3gra maidir babhta maoinithe - Coimisi\u00fan na Me\u00e1n\" \/>\n<meta property=\"og:description\" content=\"T\u00e1 na sonra\u00ed f\u00f3gartha ag Coimisi\u00fan na Me\u00e1n maidir le babhta maoinithe at\u00e1 le teacht faoin Sc\u00e9im Fuaim &amp; F\u00eds 4. Oscl\u00f3idh babhta nua D\u00e9ardaoin, 16 Deireadh F\u00f3mhair 2025, do chraolt\u00f3ir\u00ed agus do l\u00e9iritheoir\u00ed neamhsple\u00e1cha chun tac\u00fa le h\u00e1bhar craolta a chruth\u00fa a bhfuil luach cult\u00fartha ag baint leis, \u00e1bhar i nGaeilge san \u00e1ireamh. D\u00fanfar [&hellip;]\" \/>\n<meta property=\"og:url\" content=\"https:\/\/www.cnam.ie\/ga\/fuaim-fis-4-fogra-maidir-babhta-maoinithe\/\" \/>\n<meta property=\"og:site_name\" content=\"Coimisi\u00fan na Me\u00e1n\" \/>\n<meta property=\"article:publisher\" content=\"https:\/\/www.facebook.com\/CNaM.Ireland\/\" \/>\n<meta property=\"article:published_time\" content=\"2025-09-04T09:52:22+00:00\" \/>\n<meta property=\"article:modified_time\" content=\"2025-09-04T09:52:23+00:00\" \/>\n<meta property=\"og:image\" content=\"https:\/\/www.cnam.ie\/app\/uploads\/2025\/03\/SV55-website.png\" \/>\n\t<meta property=\"og:image:width\" content=\"1200\" \/>\n\t<meta property=\"og:image:height\" content=\"800\" \/>\n\t<meta property=\"og:image:type\" content=\"image\/png\" \/>\n<meta name=\"author\" content=\"Maeve Heslin\" \/>\n<meta name=\"twitter:card\" content=\"summary_large_image\" \/>\n<meta name=\"twitter:creator\" content=\"@CNaM_ie\" \/>\n<meta name=\"twitter:site\" content=\"@CNaM_ie\" \/>\n<meta name=\"twitter:label1\" content=\"Written by\" \/>\n\t<meta name=\"twitter:data1\" content=\"Maeve Heslin\" \/>\n\t<meta name=\"twitter:label2\" content=\"Est. reading time\" \/>\n\t<meta name=\"twitter:data2\" content=\"1 minute\" \/>\n<script type=\"application\/ld+json\" class=\"yoast-schema-graph\">{\"@context\":\"https:\\\/\\\/schema.org\",\"@graph\":[{\"@type\":\"Article\",\"@id\":\"https:\\\/\\\/www.cnam.ie\\\/ga\\\/fuaim-fis-4-fogra-maidir-babhta-maoinithe\\\/#article\",\"isPartOf\":{\"@id\":\"https:\\\/\\\/www.cnam.ie\\\/ga\\\/fuaim-fis-4-fogra-maidir-babhta-maoinithe\\\/\"},\"author\":{\"name\":\"Maeve Heslin\",\"@id\":\"https:\\\/\\\/www.cnam.ie\\\/ga\\\/#\\\/schema\\\/person\\\/e62d8cabc12f43cf6a956e7f4f1c24cd\"},\"headline\":\"Fuaim &#038; F\u00eds 4 \u2013 F\u00f3gra maidir babhta maoinithe\",\"datePublished\":\"2025-09-04T09:52:22+00:00\",\"dateModified\":\"2025-09-04T09:52:23+00:00\",\"mainEntityOfPage\":{\"@id\":\"https:\\\/\\\/www.cnam.ie\\\/ga\\\/fuaim-fis-4-fogra-maidir-babhta-maoinithe\\\/\"},\"wordCount\":219,\"publisher\":{\"@id\":\"https:\\\/\\\/www.cnam.ie\\\/ga\\\/#organization\"},\"image\":{\"@id\":\"https:\\\/\\\/www.cnam.ie\\\/ga\\\/fuaim-fis-4-fogra-maidir-babhta-maoinithe\\\/#primaryimage\"},\"thumbnailUrl\":\"https:\\\/\\\/www.cnam.ie\\\/app\\\/uploads\\\/2025\\\/03\\\/SV55-website.png\",\"articleSection\":[\"Forbairt na me\u00e1n\"],\"inLanguage\":\"ga-IE\"},{\"@type\":\"WebPage\",\"@id\":\"https:\\\/\\\/www.cnam.ie\\\/ga\\\/fuaim-fis-4-fogra-maidir-babhta-maoinithe\\\/\",\"url\":\"https:\\\/\\\/www.cnam.ie\\\/ga\\\/fuaim-fis-4-fogra-maidir-babhta-maoinithe\\\/\",\"name\":\"Fuaim & F\u00eds 4 \u2013 F\u00f3gra maidir babhta maoinithe - Coimisi\u00fan na Me\u00e1n\",\"isPartOf\":{\"@id\":\"https:\\\/\\\/www.cnam.ie\\\/ga\\\/#website\"},\"primaryImageOfPage\":{\"@id\":\"https:\\\/\\\/www.cnam.ie\\\/ga\\\/fuaim-fis-4-fogra-maidir-babhta-maoinithe\\\/#primaryimage\"},\"image\":{\"@id\":\"https:\\\/\\\/www.cnam.ie\\\/ga\\\/fuaim-fis-4-fogra-maidir-babhta-maoinithe\\\/#primaryimage\"},\"thumbnailUrl\":\"https:\\\/\\\/www.cnam.ie\\\/app\\\/uploads\\\/2025\\\/03\\\/SV55-website.png\",\"datePublished\":\"2025-09-04T09:52:22+00:00\",\"dateModified\":\"2025-09-04T09:52:23+00:00\",\"breadcrumb\":{\"@id\":\"https:\\\/\\\/www.cnam.ie\\\/ga\\\/fuaim-fis-4-fogra-maidir-babhta-maoinithe\\\/#breadcrumb\"},\"inLanguage\":\"ga-IE\",\"potentialAction\":[{\"@type\":\"ReadAction\",\"target\":[\"https:\\\/\\\/www.cnam.ie\\\/ga\\\/fuaim-fis-4-fogra-maidir-babhta-maoinithe\\\/\"]}]},{\"@type\":\"ImageObject\",\"inLanguage\":\"ga-IE\",\"@id\":\"https:\\\/\\\/www.cnam.ie\\\/ga\\\/fuaim-fis-4-fogra-maidir-babhta-maoinithe\\\/#primaryimage\",\"url\":\"https:\\\/\\\/www.cnam.ie\\\/app\\\/uploads\\\/2025\\\/03\\\/SV55-website.png\",\"contentUrl\":\"https:\\\/\\\/www.cnam.ie\\\/app\\\/uploads\\\/2025\\\/03\\\/SV55-website.png\",\"width\":1200,\"height\":800,\"caption\":\"Two people reviewing content on laptop\"},{\"@type\":\"BreadcrumbList\",\"@id\":\"https:\\\/\\\/www.cnam.ie\\\/ga\\\/fuaim-fis-4-fogra-maidir-babhta-maoinithe\\\/#breadcrumb\",\"itemListElement\":[{\"@type\":\"ListItem\",\"position\":1,\"name\":\"Home\",\"item\":\"https:\\\/\\\/www.cnam.ie\\\/ga\\\/\"},{\"@type\":\"ListItem\",\"position\":2,\"name\":\"Fuaim &#038; F\u00eds 4 \u2013 F\u00f3gra maidir babhta maoinithe\"}]},{\"@type\":\"WebSite\",\"@id\":\"https:\\\/\\\/www.cnam.ie\\\/ga\\\/#website\",\"url\":\"https:\\\/\\\/www.cnam.ie\\\/ga\\\/\",\"name\":\"Coimisiun na Mean\",\"description\":\"Coimisi\u00fan na Me\u00e1n\",\"publisher\":{\"@id\":\"https:\\\/\\\/www.cnam.ie\\\/ga\\\/#organization\"},\"potentialAction\":[{\"@type\":\"SearchAction\",\"target\":{\"@type\":\"EntryPoint\",\"urlTemplate\":\"https:\\\/\\\/www.cnam.ie\\\/ga\\\/?s={search_term_string}\"},\"query-input\":{\"@type\":\"PropertyValueSpecification\",\"valueRequired\":true,\"valueName\":\"search_term_string\"}}],\"inLanguage\":\"ga-IE\"},{\"@type\":\"Organization\",\"@id\":\"https:\\\/\\\/www.cnam.ie\\\/ga\\\/#organization\",\"name\":\"Coimisiun na Mean\",\"url\":\"https:\\\/\\\/www.cnam.ie\\\/ga\\\/\",\"logo\":{\"@type\":\"ImageObject\",\"inLanguage\":\"ga-IE\",\"@id\":\"https:\\\/\\\/www.cnam.ie\\\/ga\\\/#\\\/schema\\\/logo\\\/image\\\/\",\"url\":\"https:\\\/\\\/www.cnam.ie\\\/app\\\/uploads\\\/2024\\\/12\\\/Website-image-with-logo.jpg\",\"contentUrl\":\"https:\\\/\\\/www.cnam.ie\\\/app\\\/uploads\\\/2024\\\/12\\\/Website-image-with-logo.jpg\",\"width\":1200,\"height\":800,\"caption\":\"Coimisiun na Mean\"},\"image\":{\"@id\":\"https:\\\/\\\/www.cnam.ie\\\/ga\\\/#\\\/schema\\\/logo\\\/image\\\/\"},\"sameAs\":[\"https:\\\/\\\/www.facebook.com\\\/CNaM.Ireland\\\/\",\"https:\\\/\\\/x.com\\\/CNaM_ie\"]},{\"@type\":\"Person\",\"@id\":\"https:\\\/\\\/www.cnam.ie\\\/ga\\\/#\\\/schema\\\/person\\\/e62d8cabc12f43cf6a956e7f4f1c24cd\",\"name\":\"Maeve Heslin\",\"image\":{\"@type\":\"ImageObject\",\"inLanguage\":\"ga-IE\",\"@id\":\"https:\\\/\\\/secure.gravatar.com\\\/avatar\\\/f5f73d7ddde0b7d0d91d0cf10fb234f758ee18023385fb8828320457b613d3ac?s=96&d=mm&r=g\",\"url\":\"https:\\\/\\\/secure.gravatar.com\\\/avatar\\\/f5f73d7ddde0b7d0d91d0cf10fb234f758ee18023385fb8828320457b613d3ac?s=96&d=mm&r=g\",\"contentUrl\":\"https:\\\/\\\/secure.gravatar.com\\\/avatar\\\/f5f73d7ddde0b7d0d91d0cf10fb234f758ee18023385fb8828320457b613d3ac?s=96&d=mm&r=g\",\"caption\":\"Maeve Heslin\"}}]}<\/script>\n<!-- \/ Yoast SEO plugin. -->","yoast_head_json":{"title":"Fuaim & F\u00eds 4 \u2013 F\u00f3gra maidir babhta maoinithe - Coimisi\u00fan na Me\u00e1n","robots":{"index":"index","follow":"follow","max-snippet":"max-snippet:-1","max-image-preview":"max-image-preview:large","max-video-preview":"max-video-preview:-1"},"canonical":"https:\/\/www.cnam.ie\/ga\/fuaim-fis-4-fogra-maidir-babhta-maoinithe\/","og_locale":"ga_IE","og_type":"article","og_title":"Fuaim & F\u00eds 4 \u2013 F\u00f3gra maidir babhta maoinithe - Coimisi\u00fan na Me\u00e1n","og_description":"T\u00e1 na sonra\u00ed f\u00f3gartha ag Coimisi\u00fan na Me\u00e1n maidir le babhta maoinithe at\u00e1 le teacht faoin Sc\u00e9im Fuaim &amp; F\u00eds 4. Oscl\u00f3idh babhta nua D\u00e9ardaoin, 16 Deireadh F\u00f3mhair 2025, do chraolt\u00f3ir\u00ed agus do l\u00e9iritheoir\u00ed neamhsple\u00e1cha chun tac\u00fa le h\u00e1bhar craolta a chruth\u00fa a bhfuil luach cult\u00fartha ag baint leis, \u00e1bhar i nGaeilge san \u00e1ireamh. D\u00fanfar [&hellip;]","og_url":"https:\/\/www.cnam.ie\/ga\/fuaim-fis-4-fogra-maidir-babhta-maoinithe\/","og_site_name":"Coimisi\u00fan na Me\u00e1n","article_publisher":"https:\/\/www.facebook.com\/CNaM.Ireland\/","article_published_time":"2025-09-04T09:52:22+00:00","article_modified_time":"2025-09-04T09:52:23+00:00","og_image":[{"width":1200,"height":800,"url":"https:\/\/www.cnam.ie\/app\/uploads\/2025\/03\/SV55-website.png","type":"image\/png"}],"author":"Maeve Heslin","twitter_card":"summary_large_image","twitter_creator":"@CNaM_ie","twitter_site":"@CNaM_ie","twitter_misc":{"Written by":"Maeve Heslin","Est. reading time":"1 minute"},"schema":{"@context":"https:\/\/schema.org","@graph":[{"@type":"Article","@id":"https:\/\/www.cnam.ie\/ga\/fuaim-fis-4-fogra-maidir-babhta-maoinithe\/#article","isPartOf":{"@id":"https:\/\/www.cnam.ie\/ga\/fuaim-fis-4-fogra-maidir-babhta-maoinithe\/"},"author":{"name":"Maeve Heslin","@id":"https:\/\/www.cnam.ie\/ga\/#\/schema\/person\/e62d8cabc12f43cf6a956e7f4f1c24cd"},"headline":"Fuaim &#038; F\u00eds 4 \u2013 F\u00f3gra maidir babhta maoinithe","datePublished":"2025-09-04T09:52:22+00:00","dateModified":"2025-09-04T09:52:23+00:00","mainEntityOfPage":{"@id":"https:\/\/www.cnam.ie\/ga\/fuaim-fis-4-fogra-maidir-babhta-maoinithe\/"},"wordCount":219,"publisher":{"@id":"https:\/\/www.cnam.ie\/ga\/#organization"},"image":{"@id":"https:\/\/www.cnam.ie\/ga\/fuaim-fis-4-fogra-maidir-babhta-maoinithe\/#primaryimage"},"thumbnailUrl":"https:\/\/www.cnam.ie\/app\/uploads\/2025\/03\/SV55-website.png","articleSection":["Forbairt na me\u00e1n"],"inLanguage":"ga-IE"},{"@type":"WebPage","@id":"https:\/\/www.cnam.ie\/ga\/fuaim-fis-4-fogra-maidir-babhta-maoinithe\/","url":"https:\/\/www.cnam.ie\/ga\/fuaim-fis-4-fogra-maidir-babhta-maoinithe\/","name":"Fuaim & F\u00eds 4 \u2013 F\u00f3gra maidir babhta maoinithe - Coimisi\u00fan na Me\u00e1n","isPartOf":{"@id":"https:\/\/www.cnam.ie\/ga\/#website"},"primaryImageOfPage":{"@id":"https:\/\/www.cnam.ie\/ga\/fuaim-fis-4-fogra-maidir-babhta-maoinithe\/#primaryimage"},"image":{"@id":"https:\/\/www.cnam.ie\/ga\/fuaim-fis-4-fogra-maidir-babhta-maoinithe\/#primaryimage"},"thumbnailUrl":"https:\/\/www.cnam.ie\/app\/uploads\/2025\/03\/SV55-website.png","datePublished":"2025-09-04T09:52:22+00:00","dateModified":"2025-09-04T09:52:23+00:00","breadcrumb":{"@id":"https:\/\/www.cnam.ie\/ga\/fuaim-fis-4-fogra-maidir-babhta-maoinithe\/#breadcrumb"},"inLanguage":"ga-IE","potentialAction":[{"@type":"ReadAction","target":["https:\/\/www.cnam.ie\/ga\/fuaim-fis-4-fogra-maidir-babhta-maoinithe\/"]}]},{"@type":"ImageObject","inLanguage":"ga-IE","@id":"https:\/\/www.cnam.ie\/ga\/fuaim-fis-4-fogra-maidir-babhta-maoinithe\/#primaryimage","url":"https:\/\/www.cnam.ie\/app\/uploads\/2025\/03\/SV55-website.png","contentUrl":"https:\/\/www.cnam.ie\/app\/uploads\/2025\/03\/SV55-website.png","width":1200,"height":800,"caption":"Two people reviewing content on laptop"},{"@type":"BreadcrumbList","@id":"https:\/\/www.cnam.ie\/ga\/fuaim-fis-4-fogra-maidir-babhta-maoinithe\/#breadcrumb","itemListElement":[{"@type":"ListItem","position":1,"name":"Home","item":"https:\/\/www.cnam.ie\/ga\/"},{"@type":"ListItem","position":2,"name":"Fuaim &#038; F\u00eds 4 \u2013 F\u00f3gra maidir babhta maoinithe"}]},{"@type":"WebSite","@id":"https:\/\/www.cnam.ie\/ga\/#website","url":"https:\/\/www.cnam.ie\/ga\/","name":"Coimisiun na Mean","description":"Coimisi\u00fan na Me\u00e1n","publisher":{"@id":"https:\/\/www.cnam.ie\/ga\/#organization"},"potentialAction":[{"@type":"SearchAction","target":{"@type":"EntryPoint","urlTemplate":"https:\/\/www.cnam.ie\/ga\/?s={search_term_string}"},"query-input":{"@type":"PropertyValueSpecification","valueRequired":true,"valueName":"search_term_string"}}],"inLanguage":"ga-IE"},{"@type":"Organization","@id":"https:\/\/www.cnam.ie\/ga\/#organization","name":"Coimisiun na Mean","url":"https:\/\/www.cnam.ie\/ga\/","logo":{"@type":"ImageObject","inLanguage":"ga-IE","@id":"https:\/\/www.cnam.ie\/ga\/#\/schema\/logo\/image\/","url":"https:\/\/www.cnam.ie\/app\/uploads\/2024\/12\/Website-image-with-logo.jpg","contentUrl":"https:\/\/www.cnam.ie\/app\/uploads\/2024\/12\/Website-image-with-logo.jpg","width":1200,"height":800,"caption":"Coimisiun na Mean"},"image":{"@id":"https:\/\/www.cnam.ie\/ga\/#\/schema\/logo\/image\/"},"sameAs":["https:\/\/www.facebook.com\/CNaM.Ireland\/","https:\/\/x.com\/CNaM_ie"]},{"@type":"Person","@id":"https:\/\/www.cnam.ie\/ga\/#\/schema\/person\/e62d8cabc12f43cf6a956e7f4f1c24cd","name":"Maeve Heslin","image":{"@type":"ImageObject","inLanguage":"ga-IE","@id":"https:\/\/secure.gravatar.com\/avatar\/f5f73d7ddde0b7d0d91d0cf10fb234f758ee18023385fb8828320457b613d3ac?s=96&d=mm&r=g","url":"https:\/\/secure.gravatar.com\/avatar\/f5f73d7ddde0b7d0d91d0cf10fb234f758ee18023385fb8828320457b613d3ac?s=96&d=mm&r=g","contentUrl":"https:\/\/secure.gravatar.com\/avatar\/f5f73d7ddde0b7d0d91d0cf10fb234f758ee18023385fb8828320457b613d3ac?s=96&d=mm&r=g","caption":"Maeve Heslin"}}]}},"spectra_custom_meta":{"_relevanssi_related_posts":["5432,17439,4437,7635,3718,7633"],"_wpml_word_count":["188"],"_wpml_location_migration_done":["1"],"_wpml_media_duplicate":["1"],"_wpml_media_featured":["1"],"_yoast_wpseo_primary_category":["19"],"_yoast_wpseo_content_score":["90"],"_yoast_wpseo_estimated-reading-time-minutes":["1"],"_wpml_post_translation_editor_native":["no"],"_thumbnail_id":["15120"],"_last_translation_edit_mode":["translation-editor"],"_top_nav_excluded":[""],"_cms_nav_minihome":[""],"_encloseme":["1"]},"uagb_featured_image_src":{"full":["https:\/\/www.cnam.ie\/app\/uploads\/2025\/03\/SV55-website.png",1200,800,false],"thumbnail":["https:\/\/www.cnam.ie\/app\/uploads\/2025\/03\/SV55-website-150x150.png",150,150,true],"medium":["https:\/\/www.cnam.ie\/app\/uploads\/2025\/03\/SV55-website-300x200.png",300,200,true],"medium_large":["https:\/\/www.cnam.ie\/app\/uploads\/2025\/03\/SV55-website-768x512.png",640,427,true],"large":["https:\/\/www.cnam.ie\/app\/uploads\/2025\/03\/SV55-website-1024x683.png",640,427,true],"1536x1536":["https:\/\/www.cnam.ie\/app\/uploads\/2025\/03\/SV55-website.png",1200,800,false],"2048x2048":["https:\/\/www.cnam.ie\/app\/uploads\/2025\/03\/SV55-website.png",1200,800,false],"gform-image-choice-sm":["https:\/\/www.cnam.ie\/app\/uploads\/2025\/03\/SV55-website.png",300,200,false],"gform-image-choice-md":["https:\/\/www.cnam.ie\/app\/uploads\/2025\/03\/SV55-website.png",400,267,false],"gform-image-choice-lg":["https:\/\/www.cnam.ie\/app\/uploads\/2025\/03\/SV55-website.png",600,400,false]},"uagb_author_info":{"display_name":"Maeve Heslin","author_link":"https:\/\/www.cnam.ie\/ga\/author\/maeveheslin\/"},"uagb_comment_info":0,"uagb_excerpt":"T\u00e1 na sonra\u00ed f\u00f3gartha ag Coimisi\u00fan na Me\u00e1n maidir le babhta maoinithe at\u00e1 le teacht faoin Sc\u00e9im Fuaim &amp; F\u00eds 4. Oscl\u00f3idh babhta nua D\u00e9ardaoin, 16 Deireadh F\u00f3mhair 2025, do chraolt\u00f3ir\u00ed agus do l\u00e9iritheoir\u00ed neamhsple\u00e1cha chun tac\u00fa le h\u00e1bhar craolta a chruth\u00fa a bhfuil luach cult\u00fartha ag baint leis, \u00e1bhar i nGaeilge san \u00e1ireamh. D\u00fanfar&hellip;","_links":{"self":[{"href":"https:\/\/www.cnam.ie\/ga\/wp-json\/wp\/v2\/posts\/17551","targetHints":{"allow":["GET"]}}],"collection":[{"href":"https:\/\/www.cnam.ie\/ga\/wp-json\/wp\/v2\/posts"}],"about":[{"href":"https:\/\/www.cnam.ie\/ga\/wp-json\/wp\/v2\/types\/post"}],"author":[{"embeddable":true,"href":"https:\/\/www.cnam.ie\/ga\/wp-json\/wp\/v2\/users\/10"}],"replies":[{"embeddable":true,"href":"https:\/\/www.cnam.ie\/ga\/wp-json\/wp\/v2\/comments?post=17551"}],"version-history":[{"count":4,"href":"https:\/\/www.cnam.ie\/ga\/wp-json\/wp\/v2\/posts\/17551\/revisions"}],"predecessor-version":[{"id":17626,"href":"https:\/\/www.cnam.ie\/ga\/wp-json\/wp\/v2\/posts\/17551\/revisions\/17626"}],"wp:featuredmedia":[{"embeddable":true,"href":"https:\/\/www.cnam.ie\/ga\/wp-json\/wp\/v2\/media\/15120"}],"wp:attachment":[{"href":"https:\/\/www.cnam.ie\/ga\/wp-json\/wp\/v2\/media?parent=17551"}],"wp:term":[{"taxonomy":"category","embeddable":true,"href":"https:\/\/www.cnam.ie\/ga\/wp-json\/wp\/v2\/categories?post=17551"},{"taxonomy":"post_tag","embeddable":true,"href":"https:\/\/www.cnam.ie\/ga\/wp-json\/wp\/v2\/tags?post=17551"}],"curies":[{"name":"wp","href":"https:\/\/api.w.org\/{rel}","templated":true}]}}