{"id":19871,"date":"2026-01-29T11:54:10","date_gmt":"2026-01-29T11:54:10","guid":{"rendered":"https:\/\/www.cnam.ie\/?p=19871"},"modified":"2026-01-29T11:54:12","modified_gmt":"2026-01-29T11:54:12","slug":"breis-is-e15-mhilliun-i-maoiniu-fogartha-le-haghaidh-earnail-na-mean-in-eirinn","status":"publish","type":"post","link":"https:\/\/www.cnam.ie\/ga\/breis-is-e15-mhilliun-i-maoiniu-fogartha-le-haghaidh-earnail-na-mean-in-eirinn\/","title":{"rendered":"Breis is \u20ac15 mhilli\u00fan i maoini\u00fa f\u00f3gartha le haghaidh earn\u00e1il na mean in \u00c9irinn"},"content":{"rendered":"\n<p>D\u2019fh\u00f3gair Coimisi\u00fan na Me\u00e1n inniu (29.1.26) go mbeidh n\u00edos m\u00f3 n\u00e1 maoini\u00fa \u20ac15 mhilli\u00fan ar f\u00e1il d\u2019eagra\u00edochta\u00ed me\u00e1n ar fud na h\u00c9ireann chun tac\u00fa le hiriseoireacht ar ardchaighde\u00e1n agus le h\u00e1bhair nuachta agus c\u00farsa\u00ed reatha, agus chun tac\u00fa le huasoili\u00faint dhigiteach agus leis an nua-aoisi\u00fa suntasach ar threalamh agus ar theicneola\u00edocht, chun caoi a thabhairt don earn\u00e1il dul in oiri\u00faint do dhomhan at\u00e1 ag \u00e9ir\u00ed n\u00edos digit\u00ed agus f\u00e1s ann freisin. Seachadfar an maoini\u00fa tr\u00ed ch\u00faig sc\u00e9im ar leith.<\/p>\n\n<p>D\u00fairt R\u00f3n\u00e1n \u00d3 Domhnaill, Coimisin\u00e9ir Forbartha na Me\u00e1n le Coimisi\u00fan na Me\u00e1n: \u201cD\u00e9anann Coimisi\u00fan na Me\u00e1n deimhin de go dtaca\u00edonn \u00e1r dt\u00edrdhreach me\u00e1n leis an daonlathas agus le luachanna daonlathacha, at\u00e1 mar bhonn faoin diosc\u00farsa sibhialta agus a laghda\u00edonn tionchar na br\u00e9agaisn\u00e9ise. Leis an m\u00e9id sin a dh\u00e9anamh, n\u00ed m\u00f3r d\u00fainn tac\u00fa le hiriseoireacht inbhuanaithe ar ardchaighde\u00e1n agus is ionann f\u00f3gra an lae inniu ar mhaoini\u00fa suntasach ar fud na hearn\u00e1la agus fianaise d\u00e1r dtiomantas don chusp\u00f3ir sin agus ba mhaith liom bu\u00edochas a ghabh\u00e1il leis an Aire Patrick O&#8217;Donovan as a chuid taca\u00edochta lean\u00fana\u00ed d\u00e1r ngn\u00edomha\u00edochta\u00ed forbartha me\u00e1n. <\/p>\n\n<p>\u201cIs aidhm len\u00e1r <a href=\"https:\/\/www.cnam.ie\/ga\/tionscal-gairmithe\/forbairt-na-mean\/tacaiocht-maoiniu\/sceimeanna-iriseoireachta\/\">sc\u00e9imeanna iriseoireachta<\/a> tac\u00fa le hiriseoir\u00ed cumasacha \u00e1bhair nuachta agus c\u00farsa\u00ed nuachta a chruth\u00fa, \u00e1bhair a bh\u00edonn inrochtana, ar ardchaighde\u00e1n agus a dh\u00e9anann leas an phobail i mB\u00e9arla agus i nGaeilge. Creidimid, i gcomhar leis an Sc\u00e9im um Chlaochl\u00fa Digiteach, go gcuirfidh na sc\u00e9imeanna seo, at\u00e1 neodrach ar ard\u00e1in, feabhas ar theacht aniar na n-eagra\u00edochta\u00ed me\u00e1n, agus cuirfidh siad ar f\u00e1il d\u00f3ibh na huirlis\u00ed agus na hacmhainn\u00ed at\u00e1 uathu chun go mbeidh rath orthu in earn\u00e1il at\u00e1 ag \u00e9ir\u00ed n\u00edos d\u00fashl\u00e1na\u00ed. Lena chois sin, cuirfidh sin feabhas ar rochtain saor\u00e1nach ar eolas ar ardchaighde\u00e1n faoi nuacht agus faoi ch\u00farsa\u00ed reatha i gc\u00f3ngar is i gc\u00e9in, rud a chinnteoidh daonra at\u00e1 liteartha sna me\u00e1in agus a dhaingneoidh \u00e1r dt\u00edr i gcoinne na nd\u00fashl\u00e1n nua digiteach at\u00e1 roimh \u00e1r ndaonlathas.\u201d<\/p>\n\n<p>D\u00fairt an tAire Cult\u00fair, Cumars\u00e1ide agus Sp\u00f3irt, Patrick O&#8217;Donovan, TD: &#8220;Cuirim f\u00e1ilte mh\u00f3r roimh an leithdh\u00e1ileadh seo \u00f3 Choimisi\u00fan na Me\u00e1n. Cuideoidh taca\u00edocht a thabhairt d&#8217;iriseoireacht leasa phoibl\u00ed agus d&#8217;\u00e1bhar seirbh\u00edse poibl\u00ed a shol\u00e1thar ag asraonta me\u00e1n ar leibh\u00e9al \u00e1iti\u00fail, r\u00e9igi\u00fanach agus n\u00e1isi\u00fanta lena chinnti\u00fa go leanfaidh \u00e1r me\u00e1in de bheith ag treisi\u00fa rannph\u00e1irt\u00edochta phoibl\u00ed agus diosc\u00farsa daonlathaigh. T\u00e1 s\u00e9 riachtanach scileanna foirne laistigh den earn\u00e1il a fheabhs\u00fa, mar aon le nuach\u00f3iri\u00fa bonneagair agus uirlis\u00ed digiteacha, chun inbhuanaitheacht na hearn\u00e1la a chinnti\u00fa. T\u00e1 s\u00e9 riachtanach freisin, le haghaidh daonlathais shl\u00e1inti\u00fail, cabhr\u00fa len\u00e1r me\u00e1in rath a bhaint amach i dt\u00edrdhreach at\u00e1 ag athr\u00fa go tapa, agus tac\u00fa le sol\u00e1thar lean\u00fanach \u00e1bhar seirbh\u00edse poibl\u00ed iontaofa, oibiacht\u00fail agus inrochtana ag an am c\u00e9anna.&#8221;<\/p>\n\n<p>Cuirfidh babhta 2 de <a href=\"https:\/\/www.cnam.ie\/ga\/tionscal-gairmithe\/forbairt-na-mean\/tacaiocht-maoiniu\/sceimeanna-iriseoireachta\/tairiscinti-mhaoinithe-babhta-1-nrs-babhta-2-ldrs-crs\/\">Sc\u00e9im Tuairiscithe Daonlathais \u00c1iti\u00fail agus de Sc\u00e9im Tuairiscithe na gC\u00fairteanna<\/a> \u20ac5.7 milli\u00fan ar f\u00e1il chun tac\u00fa le hiriseoireacht ar son leas an phobail, ar bhonn at\u00e1 neodrach ar ard\u00e1n, ag tac\u00fa le 92 r\u00f3l l\u00e1naimseartha agus p\u00e1irtaimseartha ar leibh\u00e9al \u00e1iti\u00fail agus n\u00e1isi\u00fanta. T\u00e1 tuairim is \u20ac1 mhilli\u00fan curtha i leataobh le haghaidh Sc\u00e9imeanna Coimhdeacha, a re\u00e1cht\u00e1lfar go comhthr\u00e1thach, chun 41 togra fadfhoirme agus ini\u00fachta a mhaoini\u00fa. Seo an dara babhta maoinithe a d\u00e1ileadh faoi na sc\u00e9imeanna iriseoireachta seo agus leanann s\u00e9 an ch\u00e9ad bhabhta maoinithe a raibh an-rath air anuraidh.<\/p>\n\n<p>I mbliana, cuirfidh an <a href=\"https:\/\/www.cnam.ie\/ga\/tionscal-gairmithe\/forbairt-na-mean\/tacaiocht-maoiniu\/sceimeanna-iriseoireachta\/tairiscinti-mhaoinithe-babhta-1-nrs-babhta-2-ldrs-crs\/\">Sc\u00e9im Tuairiscithe Nuachta<\/a> tuairim is \u20ac4 mhilli\u00fan ar f\u00e1il chun tac\u00fa le tuairisceoir\u00ed sc\u00e9alta nuachta a chur i dtoll a ch\u00e9ile ina gcl\u00fad\u00f3far \u00e1bhair nach nd\u00e9antar cl\u00fadach suntasach orthu san earn\u00e1il nuachta faoi l\u00e1thair n\u00f3 a mbaineann an baol leo nach nd\u00e9anfar d\u00f3thain cl\u00fadaigh orthu. Cuireadh \u20ac3 mhilli\u00fan den mhaoini\u00fa sin i leataobh le haghaidh earn\u00e1il an raidi\u00f3 tr\u00e1cht\u00e1la. Taca\u00edodh le 62 togra san ioml\u00e1n faoin sc\u00e9im seo.<\/p>\n\n<p>Faoi <a href=\"https:\/\/www.cnam.ie\/ga\/tionscal-gairmithe\/forbairt-na-mean\/tacaiocht-maoiniu\/nuacht-cursai-reatha-na-teilifise-trachtala\/tairiscinti-maoinithe-babhta-1\/\">Sc\u00e9im Nuachta agus C\u00farsa\u00ed Reatha na Teilif\u00edse Tr\u00e1cht\u00e1la<\/a>, bronnadh beagnach \u20ac3 mhilli\u00fan ar Virgin Media Television chun sruthanna \u00e1bhar a mhaoini\u00fa a mbeidh de thoradh orthu l\u00edon suntasach cl\u00e1r nuachta agus c\u00farsa\u00ed reatha breise do lucht f\u00e9achana sa bhliain amach romhainn.<\/p>\n\n<p>Leis an <a href=\"https:\/\/www.cnam.ie\/ga\/tionscal-gairmithe\/forbairt-na-mean\/tacaiocht-maoiniu\/an-sceim-um-chlaochlu-digiteach\/tairiscint-mhaoinithe-babhta-1\/\">Sc\u00e9im um Chlaochl\u00fa Digiteach<\/a>, cl\u00e1r nua p\u00edol\u00f3tach 12 mh\u00ed, tabharfar maoini\u00fa \u20ac2.7 milli\u00fan do 58 tionscadal chun tac\u00fa leis an uasoili\u00faint dhigiteach ar an bhf\u00f3rsa saothair at\u00e1 ann cheana f\u00e9in tr\u00ed oili\u00faint agus tr\u00edd an nua-aoisi\u00fa suntasach ar bhonneagar, uirlis\u00ed agus ar an teicneola\u00edocht dhigiteach. Cuideoidh an m\u00e9id sin le heagra\u00edochta\u00ed me\u00e1n treisi\u00fa agus dul san ioma\u00edocht in earn\u00e1il n\u00e1isi\u00fanta agus dhomhanda na me\u00e1n digiteach.<\/p>\n\n<div class=\"wp-block-buttons is-layout-flex wp-block-buttons-is-layout-flex\">\n<div class=\"wp-block-button\"><a class=\"wp-block-button__link wp-element-button\" href=\"https:\/\/www.cnam.ie\/ga\/tionscal-gairmithe\/forbairt-na-mean\/tacaiocht-maoiniu\/sceimeanna-iriseoireachta\/tairiscinti-mhaoinithe-babhta-1-nrs-babhta-2-ldrs-crs\/\">Sc\u00e9imeanna Iriseoireachta<\/a><\/div>\n\n\n\n<div class=\"wp-block-button\"><a class=\"wp-block-button__link wp-element-button\" href=\"https:\/\/www.cnam.ie\/ga\/tionscal-gairmithe\/forbairt-na-mean\/tacaiocht-maoiniu\/an-sceim-um-chlaochlu-digiteach\/tairiscint-mhaoinithe-babhta-1\/\">An Sc\u00e9im um Chlaochl\u00fa Digiteach\u202f<\/a><\/div>\n\n\n\n<div class=\"wp-block-button\"><a class=\"wp-block-button__link wp-element-button\" href=\"https:\/\/www.cnam.ie\/ga\/tionscal-gairmithe\/forbairt-na-mean\/tacaiocht-maoiniu\/nuacht-cursai-reatha-na-teilifise-trachtala\/tairiscinti-maoinithe-babhta-1\/\">An Sc\u00e9im Nuachta &amp; C\u00farsa\u00ed Reatha na Teilif\u00edse Tr\u00e1cht\u00e1la Neamhsple\u00e1iche<\/a><\/div>\n<\/div>\n\n<p><\/p>\n","protected":false},"excerpt":{"rendered":"<p>D\u2019fh\u00f3gair Coimisi\u00fan na Me\u00e1n inniu (29.1.26) go mbeidh n\u00edos m\u00f3 n\u00e1 maoini\u00fa \u20ac15 mhilli\u00fan ar f\u00e1il d\u2019eagra\u00edochta\u00ed me\u00e1n ar fud na h\u00c9ireann chun tac\u00fa le hiriseoireacht ar ardchaighde\u00e1n agus le h\u00e1bhair nuachta agus c\u00farsa\u00ed reatha, agus chun tac\u00fa le huasoili\u00faint dhigiteach agus leis an nua-aoisi\u00fa suntasach ar threalamh agus ar theicneola\u00edocht, chun caoi a thabhairt [&hellip;]<\/p>\n","protected":false},"author":10,"featured_media":19872,"comment_status":"closed","ping_status":"closed","sticky":false,"template":"","format":"standard","meta":{"_acf_changed":false,"_relevanssi_hide_post":"","_relevanssi_hide_content":"","_relevanssi_pin_for_all":"","_relevanssi_pin_keywords":"","_relevanssi_unpin_keywords":"","_relevanssi_related_keywords":"","_relevanssi_related_include_ids":"","_relevanssi_related_exclude_ids":"","_relevanssi_related_no_append":"","_relevanssi_related_not_related":"","_relevanssi_related_posts":"7621,15945,7656,14460,16995,7638","_relevanssi_noindex_reason":"","_uag_custom_page_level_css":"","footnotes":""},"categories":[98],"tags":[],"class_list":["post-19871","post","type-post","status-publish","format-standard","has-post-thumbnail","hentry","category-forbairt-na-mean"],"acf":[],"yoast_head":"<!-- This site is optimized with the Yoast SEO plugin v27.5 - https:\/\/yoast.com\/product\/yoast-seo-wordpress\/ -->\n<title>Breis is \u20ac15 mhilli\u00fan i maoini\u00fa f\u00f3gartha le haghaidh earn\u00e1il na mean in \u00c9irinn - Coimisi\u00fan na Me\u00e1n<\/title>\n<meta name=\"robots\" content=\"index, follow, max-snippet:-1, max-image-preview:large, max-video-preview:-1\" \/>\n<link rel=\"canonical\" href=\"https:\/\/www.cnam.ie\/ga\/breis-is-e15-mhilliun-i-maoiniu-fogartha-le-haghaidh-earnail-na-mean-in-eirinn\/\" \/>\n<meta property=\"og:locale\" content=\"ga_IE\" \/>\n<meta property=\"og:type\" content=\"article\" \/>\n<meta property=\"og:title\" content=\"Breis is \u20ac15 mhilli\u00fan i maoini\u00fa f\u00f3gartha le haghaidh earn\u00e1il na mean in \u00c9irinn - Coimisi\u00fan na Me\u00e1n\" \/>\n<meta property=\"og:description\" content=\"D\u2019fh\u00f3gair Coimisi\u00fan na Me\u00e1n inniu (29.1.26) go mbeidh n\u00edos m\u00f3 n\u00e1 maoini\u00fa \u20ac15 mhilli\u00fan ar f\u00e1il d\u2019eagra\u00edochta\u00ed me\u00e1n ar fud na h\u00c9ireann chun tac\u00fa le hiriseoireacht ar ardchaighde\u00e1n agus le h\u00e1bhair nuachta agus c\u00farsa\u00ed reatha, agus chun tac\u00fa le huasoili\u00faint dhigiteach agus leis an nua-aoisi\u00fa suntasach ar threalamh agus ar theicneola\u00edocht, chun caoi a thabhairt [&hellip;]\" \/>\n<meta property=\"og:url\" content=\"https:\/\/www.cnam.ie\/ga\/breis-is-e15-mhilliun-i-maoiniu-fogartha-le-haghaidh-earnail-na-mean-in-eirinn\/\" \/>\n<meta property=\"og:site_name\" content=\"Coimisi\u00fan na Me\u00e1n\" \/>\n<meta property=\"article:publisher\" content=\"https:\/\/www.facebook.com\/CNaM.Ireland\/\" \/>\n<meta property=\"article:published_time\" content=\"2026-01-29T11:54:10+00:00\" \/>\n<meta property=\"article:modified_time\" content=\"2026-01-29T11:54:12+00:00\" \/>\n<meta property=\"og:image\" content=\"https:\/\/www.cnam.ie\/app\/uploads\/2026\/01\/GettyImages-2190572397.jpg\" \/>\n\t<meta property=\"og:image:width\" content=\"724\" \/>\n\t<meta property=\"og:image:height\" content=\"483\" \/>\n\t<meta property=\"og:image:type\" content=\"image\/jpeg\" \/>\n<meta name=\"author\" content=\"Maeve Heslin\" \/>\n<meta name=\"twitter:card\" content=\"summary_large_image\" \/>\n<meta name=\"twitter:creator\" content=\"@CNaM_ie\" \/>\n<meta name=\"twitter:site\" content=\"@CNaM_ie\" \/>\n<meta name=\"twitter:label1\" content=\"Written by\" \/>\n\t<meta name=\"twitter:data1\" content=\"Maeve Heslin\" \/>\n\t<meta name=\"twitter:label2\" content=\"Est. reading time\" \/>\n\t<meta name=\"twitter:data2\" content=\"3 minutes\" \/>\n<script type=\"application\/ld+json\" class=\"yoast-schema-graph\">{\"@context\":\"https:\\\/\\\/schema.org\",\"@graph\":[{\"@type\":\"Article\",\"@id\":\"https:\\\/\\\/www.cnam.ie\\\/ga\\\/breis-is-e15-mhilliun-i-maoiniu-fogartha-le-haghaidh-earnail-na-mean-in-eirinn\\\/#article\",\"isPartOf\":{\"@id\":\"https:\\\/\\\/www.cnam.ie\\\/ga\\\/breis-is-e15-mhilliun-i-maoiniu-fogartha-le-haghaidh-earnail-na-mean-in-eirinn\\\/\"},\"author\":{\"name\":\"Maeve Heslin\",\"@id\":\"https:\\\/\\\/www.cnam.ie\\\/ga\\\/#\\\/schema\\\/person\\\/e62d8cabc12f43cf6a956e7f4f1c24cd\"},\"headline\":\"Breis is \u20ac15 mhilli\u00fan i maoini\u00fa f\u00f3gartha le haghaidh earn\u00e1il na mean in \u00c9irinn\",\"datePublished\":\"2026-01-29T11:54:10+00:00\",\"dateModified\":\"2026-01-29T11:54:12+00:00\",\"mainEntityOfPage\":{\"@id\":\"https:\\\/\\\/www.cnam.ie\\\/ga\\\/breis-is-e15-mhilliun-i-maoiniu-fogartha-le-haghaidh-earnail-na-mean-in-eirinn\\\/\"},\"wordCount\":924,\"publisher\":{\"@id\":\"https:\\\/\\\/www.cnam.ie\\\/ga\\\/#organization\"},\"image\":{\"@id\":\"https:\\\/\\\/www.cnam.ie\\\/ga\\\/breis-is-e15-mhilliun-i-maoiniu-fogartha-le-haghaidh-earnail-na-mean-in-eirinn\\\/#primaryimage\"},\"thumbnailUrl\":\"https:\\\/\\\/www.cnam.ie\\\/app\\\/uploads\\\/2026\\\/01\\\/GettyImages-2190572397.jpg\",\"articleSection\":[\"Forbairt na me\u00e1n\"],\"inLanguage\":\"ga-IE\"},{\"@type\":\"WebPage\",\"@id\":\"https:\\\/\\\/www.cnam.ie\\\/ga\\\/breis-is-e15-mhilliun-i-maoiniu-fogartha-le-haghaidh-earnail-na-mean-in-eirinn\\\/\",\"url\":\"https:\\\/\\\/www.cnam.ie\\\/ga\\\/breis-is-e15-mhilliun-i-maoiniu-fogartha-le-haghaidh-earnail-na-mean-in-eirinn\\\/\",\"name\":\"Breis is \u20ac15 mhilli\u00fan i maoini\u00fa f\u00f3gartha le haghaidh earn\u00e1il na mean in \u00c9irinn - Coimisi\u00fan na Me\u00e1n\",\"isPartOf\":{\"@id\":\"https:\\\/\\\/www.cnam.ie\\\/ga\\\/#website\"},\"primaryImageOfPage\":{\"@id\":\"https:\\\/\\\/www.cnam.ie\\\/ga\\\/breis-is-e15-mhilliun-i-maoiniu-fogartha-le-haghaidh-earnail-na-mean-in-eirinn\\\/#primaryimage\"},\"image\":{\"@id\":\"https:\\\/\\\/www.cnam.ie\\\/ga\\\/breis-is-e15-mhilliun-i-maoiniu-fogartha-le-haghaidh-earnail-na-mean-in-eirinn\\\/#primaryimage\"},\"thumbnailUrl\":\"https:\\\/\\\/www.cnam.ie\\\/app\\\/uploads\\\/2026\\\/01\\\/GettyImages-2190572397.jpg\",\"datePublished\":\"2026-01-29T11:54:10+00:00\",\"dateModified\":\"2026-01-29T11:54:12+00:00\",\"breadcrumb\":{\"@id\":\"https:\\\/\\\/www.cnam.ie\\\/ga\\\/breis-is-e15-mhilliun-i-maoiniu-fogartha-le-haghaidh-earnail-na-mean-in-eirinn\\\/#breadcrumb\"},\"inLanguage\":\"ga-IE\",\"potentialAction\":[{\"@type\":\"ReadAction\",\"target\":[\"https:\\\/\\\/www.cnam.ie\\\/ga\\\/breis-is-e15-mhilliun-i-maoiniu-fogartha-le-haghaidh-earnail-na-mean-in-eirinn\\\/\"]}]},{\"@type\":\"ImageObject\",\"inLanguage\":\"ga-IE\",\"@id\":\"https:\\\/\\\/www.cnam.ie\\\/ga\\\/breis-is-e15-mhilliun-i-maoiniu-fogartha-le-haghaidh-earnail-na-mean-in-eirinn\\\/#primaryimage\",\"url\":\"https:\\\/\\\/www.cnam.ie\\\/app\\\/uploads\\\/2026\\\/01\\\/GettyImages-2190572397.jpg\",\"contentUrl\":\"https:\\\/\\\/www.cnam.ie\\\/app\\\/uploads\\\/2026\\\/01\\\/GettyImages-2190572397.jpg\",\"width\":724,\"height\":483,\"caption\":\"Colleagues in a modern office\"},{\"@type\":\"BreadcrumbList\",\"@id\":\"https:\\\/\\\/www.cnam.ie\\\/ga\\\/breis-is-e15-mhilliun-i-maoiniu-fogartha-le-haghaidh-earnail-na-mean-in-eirinn\\\/#breadcrumb\",\"itemListElement\":[{\"@type\":\"ListItem\",\"position\":1,\"name\":\"Home\",\"item\":\"https:\\\/\\\/www.cnam.ie\\\/ga\\\/\"},{\"@type\":\"ListItem\",\"position\":2,\"name\":\"Breis is \u20ac15 mhilli\u00fan i maoini\u00fa f\u00f3gartha le haghaidh earn\u00e1il na mean in \u00c9irinn\"}]},{\"@type\":\"WebSite\",\"@id\":\"https:\\\/\\\/www.cnam.ie\\\/ga\\\/#website\",\"url\":\"https:\\\/\\\/www.cnam.ie\\\/ga\\\/\",\"name\":\"Coimisiun na Mean\",\"description\":\"Coimisi\u00fan na Me\u00e1n\",\"publisher\":{\"@id\":\"https:\\\/\\\/www.cnam.ie\\\/ga\\\/#organization\"},\"potentialAction\":[{\"@type\":\"SearchAction\",\"target\":{\"@type\":\"EntryPoint\",\"urlTemplate\":\"https:\\\/\\\/www.cnam.ie\\\/ga\\\/?s={search_term_string}\"},\"query-input\":{\"@type\":\"PropertyValueSpecification\",\"valueRequired\":true,\"valueName\":\"search_term_string\"}}],\"inLanguage\":\"ga-IE\"},{\"@type\":\"Organization\",\"@id\":\"https:\\\/\\\/www.cnam.ie\\\/ga\\\/#organization\",\"name\":\"Coimisiun na Mean\",\"url\":\"https:\\\/\\\/www.cnam.ie\\\/ga\\\/\",\"logo\":{\"@type\":\"ImageObject\",\"inLanguage\":\"ga-IE\",\"@id\":\"https:\\\/\\\/www.cnam.ie\\\/ga\\\/#\\\/schema\\\/logo\\\/image\\\/\",\"url\":\"https:\\\/\\\/www.cnam.ie\\\/app\\\/uploads\\\/2024\\\/12\\\/Website-image-with-logo.jpg\",\"contentUrl\":\"https:\\\/\\\/www.cnam.ie\\\/app\\\/uploads\\\/2024\\\/12\\\/Website-image-with-logo.jpg\",\"width\":1200,\"height\":800,\"caption\":\"Coimisiun na Mean\"},\"image\":{\"@id\":\"https:\\\/\\\/www.cnam.ie\\\/ga\\\/#\\\/schema\\\/logo\\\/image\\\/\"},\"sameAs\":[\"https:\\\/\\\/www.facebook.com\\\/CNaM.Ireland\\\/\",\"https:\\\/\\\/x.com\\\/CNaM_ie\"]},{\"@type\":\"Person\",\"@id\":\"https:\\\/\\\/www.cnam.ie\\\/ga\\\/#\\\/schema\\\/person\\\/e62d8cabc12f43cf6a956e7f4f1c24cd\",\"name\":\"Maeve Heslin\",\"image\":{\"@type\":\"ImageObject\",\"inLanguage\":\"ga-IE\",\"@id\":\"https:\\\/\\\/secure.gravatar.com\\\/avatar\\\/f5f73d7ddde0b7d0d91d0cf10fb234f758ee18023385fb8828320457b613d3ac?s=96&d=mm&r=g\",\"url\":\"https:\\\/\\\/secure.gravatar.com\\\/avatar\\\/f5f73d7ddde0b7d0d91d0cf10fb234f758ee18023385fb8828320457b613d3ac?s=96&d=mm&r=g\",\"contentUrl\":\"https:\\\/\\\/secure.gravatar.com\\\/avatar\\\/f5f73d7ddde0b7d0d91d0cf10fb234f758ee18023385fb8828320457b613d3ac?s=96&d=mm&r=g\",\"caption\":\"Maeve Heslin\"}}]}<\/script>\n<!-- \/ Yoast SEO plugin. -->","yoast_head_json":{"title":"Breis is \u20ac15 mhilli\u00fan i maoini\u00fa f\u00f3gartha le haghaidh earn\u00e1il na mean in \u00c9irinn - Coimisi\u00fan na Me\u00e1n","robots":{"index":"index","follow":"follow","max-snippet":"max-snippet:-1","max-image-preview":"max-image-preview:large","max-video-preview":"max-video-preview:-1"},"canonical":"https:\/\/www.cnam.ie\/ga\/breis-is-e15-mhilliun-i-maoiniu-fogartha-le-haghaidh-earnail-na-mean-in-eirinn\/","og_locale":"ga_IE","og_type":"article","og_title":"Breis is \u20ac15 mhilli\u00fan i maoini\u00fa f\u00f3gartha le haghaidh earn\u00e1il na mean in \u00c9irinn - Coimisi\u00fan na Me\u00e1n","og_description":"D\u2019fh\u00f3gair Coimisi\u00fan na Me\u00e1n inniu (29.1.26) go mbeidh n\u00edos m\u00f3 n\u00e1 maoini\u00fa \u20ac15 mhilli\u00fan ar f\u00e1il d\u2019eagra\u00edochta\u00ed me\u00e1n ar fud na h\u00c9ireann chun tac\u00fa le hiriseoireacht ar ardchaighde\u00e1n agus le h\u00e1bhair nuachta agus c\u00farsa\u00ed reatha, agus chun tac\u00fa le huasoili\u00faint dhigiteach agus leis an nua-aoisi\u00fa suntasach ar threalamh agus ar theicneola\u00edocht, chun caoi a thabhairt [&hellip;]","og_url":"https:\/\/www.cnam.ie\/ga\/breis-is-e15-mhilliun-i-maoiniu-fogartha-le-haghaidh-earnail-na-mean-in-eirinn\/","og_site_name":"Coimisi\u00fan na Me\u00e1n","article_publisher":"https:\/\/www.facebook.com\/CNaM.Ireland\/","article_published_time":"2026-01-29T11:54:10+00:00","article_modified_time":"2026-01-29T11:54:12+00:00","og_image":[{"width":724,"height":483,"url":"https:\/\/www.cnam.ie\/app\/uploads\/2026\/01\/GettyImages-2190572397.jpg","type":"image\/jpeg"}],"author":"Maeve Heslin","twitter_card":"summary_large_image","twitter_creator":"@CNaM_ie","twitter_site":"@CNaM_ie","twitter_misc":{"Written by":"Maeve Heslin","Est. reading time":"3 minutes"},"schema":{"@context":"https:\/\/schema.org","@graph":[{"@type":"Article","@id":"https:\/\/www.cnam.ie\/ga\/breis-is-e15-mhilliun-i-maoiniu-fogartha-le-haghaidh-earnail-na-mean-in-eirinn\/#article","isPartOf":{"@id":"https:\/\/www.cnam.ie\/ga\/breis-is-e15-mhilliun-i-maoiniu-fogartha-le-haghaidh-earnail-na-mean-in-eirinn\/"},"author":{"name":"Maeve Heslin","@id":"https:\/\/www.cnam.ie\/ga\/#\/schema\/person\/e62d8cabc12f43cf6a956e7f4f1c24cd"},"headline":"Breis is \u20ac15 mhilli\u00fan i maoini\u00fa f\u00f3gartha le haghaidh earn\u00e1il na mean in \u00c9irinn","datePublished":"2026-01-29T11:54:10+00:00","dateModified":"2026-01-29T11:54:12+00:00","mainEntityOfPage":{"@id":"https:\/\/www.cnam.ie\/ga\/breis-is-e15-mhilliun-i-maoiniu-fogartha-le-haghaidh-earnail-na-mean-in-eirinn\/"},"wordCount":924,"publisher":{"@id":"https:\/\/www.cnam.ie\/ga\/#organization"},"image":{"@id":"https:\/\/www.cnam.ie\/ga\/breis-is-e15-mhilliun-i-maoiniu-fogartha-le-haghaidh-earnail-na-mean-in-eirinn\/#primaryimage"},"thumbnailUrl":"https:\/\/www.cnam.ie\/app\/uploads\/2026\/01\/GettyImages-2190572397.jpg","articleSection":["Forbairt na me\u00e1n"],"inLanguage":"ga-IE"},{"@type":"WebPage","@id":"https:\/\/www.cnam.ie\/ga\/breis-is-e15-mhilliun-i-maoiniu-fogartha-le-haghaidh-earnail-na-mean-in-eirinn\/","url":"https:\/\/www.cnam.ie\/ga\/breis-is-e15-mhilliun-i-maoiniu-fogartha-le-haghaidh-earnail-na-mean-in-eirinn\/","name":"Breis is \u20ac15 mhilli\u00fan i maoini\u00fa f\u00f3gartha le haghaidh earn\u00e1il na mean in \u00c9irinn - Coimisi\u00fan na Me\u00e1n","isPartOf":{"@id":"https:\/\/www.cnam.ie\/ga\/#website"},"primaryImageOfPage":{"@id":"https:\/\/www.cnam.ie\/ga\/breis-is-e15-mhilliun-i-maoiniu-fogartha-le-haghaidh-earnail-na-mean-in-eirinn\/#primaryimage"},"image":{"@id":"https:\/\/www.cnam.ie\/ga\/breis-is-e15-mhilliun-i-maoiniu-fogartha-le-haghaidh-earnail-na-mean-in-eirinn\/#primaryimage"},"thumbnailUrl":"https:\/\/www.cnam.ie\/app\/uploads\/2026\/01\/GettyImages-2190572397.jpg","datePublished":"2026-01-29T11:54:10+00:00","dateModified":"2026-01-29T11:54:12+00:00","breadcrumb":{"@id":"https:\/\/www.cnam.ie\/ga\/breis-is-e15-mhilliun-i-maoiniu-fogartha-le-haghaidh-earnail-na-mean-in-eirinn\/#breadcrumb"},"inLanguage":"ga-IE","potentialAction":[{"@type":"ReadAction","target":["https:\/\/www.cnam.ie\/ga\/breis-is-e15-mhilliun-i-maoiniu-fogartha-le-haghaidh-earnail-na-mean-in-eirinn\/"]}]},{"@type":"ImageObject","inLanguage":"ga-IE","@id":"https:\/\/www.cnam.ie\/ga\/breis-is-e15-mhilliun-i-maoiniu-fogartha-le-haghaidh-earnail-na-mean-in-eirinn\/#primaryimage","url":"https:\/\/www.cnam.ie\/app\/uploads\/2026\/01\/GettyImages-2190572397.jpg","contentUrl":"https:\/\/www.cnam.ie\/app\/uploads\/2026\/01\/GettyImages-2190572397.jpg","width":724,"height":483,"caption":"Colleagues in a modern office"},{"@type":"BreadcrumbList","@id":"https:\/\/www.cnam.ie\/ga\/breis-is-e15-mhilliun-i-maoiniu-fogartha-le-haghaidh-earnail-na-mean-in-eirinn\/#breadcrumb","itemListElement":[{"@type":"ListItem","position":1,"name":"Home","item":"https:\/\/www.cnam.ie\/ga\/"},{"@type":"ListItem","position":2,"name":"Breis is \u20ac15 mhilli\u00fan i maoini\u00fa f\u00f3gartha le haghaidh earn\u00e1il na mean in \u00c9irinn"}]},{"@type":"WebSite","@id":"https:\/\/www.cnam.ie\/ga\/#website","url":"https:\/\/www.cnam.ie\/ga\/","name":"Coimisiun na Mean","description":"Coimisi\u00fan na Me\u00e1n","publisher":{"@id":"https:\/\/www.cnam.ie\/ga\/#organization"},"potentialAction":[{"@type":"SearchAction","target":{"@type":"EntryPoint","urlTemplate":"https:\/\/www.cnam.ie\/ga\/?s={search_term_string}"},"query-input":{"@type":"PropertyValueSpecification","valueRequired":true,"valueName":"search_term_string"}}],"inLanguage":"ga-IE"},{"@type":"Organization","@id":"https:\/\/www.cnam.ie\/ga\/#organization","name":"Coimisiun na Mean","url":"https:\/\/www.cnam.ie\/ga\/","logo":{"@type":"ImageObject","inLanguage":"ga-IE","@id":"https:\/\/www.cnam.ie\/ga\/#\/schema\/logo\/image\/","url":"https:\/\/www.cnam.ie\/app\/uploads\/2024\/12\/Website-image-with-logo.jpg","contentUrl":"https:\/\/www.cnam.ie\/app\/uploads\/2024\/12\/Website-image-with-logo.jpg","width":1200,"height":800,"caption":"Coimisiun na Mean"},"image":{"@id":"https:\/\/www.cnam.ie\/ga\/#\/schema\/logo\/image\/"},"sameAs":["https:\/\/www.facebook.com\/CNaM.Ireland\/","https:\/\/x.com\/CNaM_ie"]},{"@type":"Person","@id":"https:\/\/www.cnam.ie\/ga\/#\/schema\/person\/e62d8cabc12f43cf6a956e7f4f1c24cd","name":"Maeve Heslin","image":{"@type":"ImageObject","inLanguage":"ga-IE","@id":"https:\/\/secure.gravatar.com\/avatar\/f5f73d7ddde0b7d0d91d0cf10fb234f758ee18023385fb8828320457b613d3ac?s=96&d=mm&r=g","url":"https:\/\/secure.gravatar.com\/avatar\/f5f73d7ddde0b7d0d91d0cf10fb234f758ee18023385fb8828320457b613d3ac?s=96&d=mm&r=g","contentUrl":"https:\/\/secure.gravatar.com\/avatar\/f5f73d7ddde0b7d0d91d0cf10fb234f758ee18023385fb8828320457b613d3ac?s=96&d=mm&r=g","caption":"Maeve Heslin"}}]}},"spectra_custom_meta":{"_thumbnail_id":["19872"],"_relevanssi_related_posts":["7621,15945,7656,14460,16995,7638"],"copied_media_ids":["a:0:{}"],"referenced_media_ids":["a:1:{i:0;i:19844;}"],"_wpml_word_count":["864"],"_wpml_location_migration_done":["1"],"_yoast_wpseo_primary_category":["19"],"_yoast_wpseo_content_score":["30"],"_yoast_wpseo_estimated-reading-time-minutes":["3"],"_top_nav_excluded":[""],"_cms_nav_minihome":[""],"_last_translation_edit_mode":["translation-editor"],"_encloseme":["1"]},"uagb_featured_image_src":{"full":["https:\/\/www.cnam.ie\/app\/uploads\/2026\/01\/GettyImages-2190572397.jpg",724,483,false],"thumbnail":["https:\/\/www.cnam.ie\/app\/uploads\/2026\/01\/GettyImages-2190572397-150x150.jpg",150,150,true],"medium":["https:\/\/www.cnam.ie\/app\/uploads\/2026\/01\/GettyImages-2190572397-300x200.jpg",300,200,true],"medium_large":["https:\/\/www.cnam.ie\/app\/uploads\/2026\/01\/GettyImages-2190572397.jpg",640,427,false],"large":["https:\/\/www.cnam.ie\/app\/uploads\/2026\/01\/GettyImages-2190572397.jpg",640,427,false],"1536x1536":["https:\/\/www.cnam.ie\/app\/uploads\/2026\/01\/GettyImages-2190572397.jpg",724,483,false],"2048x2048":["https:\/\/www.cnam.ie\/app\/uploads\/2026\/01\/GettyImages-2190572397.jpg",724,483,false],"gform-image-choice-sm":["https:\/\/www.cnam.ie\/app\/uploads\/2026\/01\/GettyImages-2190572397.jpg",300,200,false],"gform-image-choice-md":["https:\/\/www.cnam.ie\/app\/uploads\/2026\/01\/GettyImages-2190572397.jpg",400,267,false],"gform-image-choice-lg":["https:\/\/www.cnam.ie\/app\/uploads\/2026\/01\/GettyImages-2190572397.jpg",600,400,false]},"uagb_author_info":{"display_name":"Maeve Heslin","author_link":"https:\/\/www.cnam.ie\/ga\/author\/maeveheslin\/"},"uagb_comment_info":0,"uagb_excerpt":"D\u2019fh\u00f3gair Coimisi\u00fan na Me\u00e1n inniu (29.1.26) go mbeidh n\u00edos m\u00f3 n\u00e1 maoini\u00fa \u20ac15 mhilli\u00fan ar f\u00e1il d\u2019eagra\u00edochta\u00ed me\u00e1n ar fud na h\u00c9ireann chun tac\u00fa le hiriseoireacht ar ardchaighde\u00e1n agus le h\u00e1bhair nuachta agus c\u00farsa\u00ed reatha, agus chun tac\u00fa le huasoili\u00faint dhigiteach agus leis an nua-aoisi\u00fa suntasach ar threalamh agus ar theicneola\u00edocht, chun caoi a thabhairt&hellip;","_links":{"self":[{"href":"https:\/\/www.cnam.ie\/ga\/wp-json\/wp\/v2\/posts\/19871","targetHints":{"allow":["GET"]}}],"collection":[{"href":"https:\/\/www.cnam.ie\/ga\/wp-json\/wp\/v2\/posts"}],"about":[{"href":"https:\/\/www.cnam.ie\/ga\/wp-json\/wp\/v2\/types\/post"}],"author":[{"embeddable":true,"href":"https:\/\/www.cnam.ie\/ga\/wp-json\/wp\/v2\/users\/10"}],"replies":[{"embeddable":true,"href":"https:\/\/www.cnam.ie\/ga\/wp-json\/wp\/v2\/comments?post=19871"}],"version-history":[{"count":3,"href":"https:\/\/www.cnam.ie\/ga\/wp-json\/wp\/v2\/posts\/19871\/revisions"}],"predecessor-version":[{"id":19920,"href":"https:\/\/www.cnam.ie\/ga\/wp-json\/wp\/v2\/posts\/19871\/revisions\/19920"}],"wp:featuredmedia":[{"embeddable":true,"href":"https:\/\/www.cnam.ie\/ga\/wp-json\/wp\/v2\/media\/19872"}],"wp:attachment":[{"href":"https:\/\/www.cnam.ie\/ga\/wp-json\/wp\/v2\/media?parent=19871"}],"wp:term":[{"taxonomy":"category","embeddable":true,"href":"https:\/\/www.cnam.ie\/ga\/wp-json\/wp\/v2\/categories?post=19871"},{"taxonomy":"post_tag","embeddable":true,"href":"https:\/\/www.cnam.ie\/ga\/wp-json\/wp\/v2\/tags?post=19871"}],"curies":[{"name":"wp","href":"https:\/\/api.w.org\/{rel}","templated":true}]}}