{"id":3843,"date":"2024-06-10T07:54:14","date_gmt":"2024-06-10T06:54:14","guid":{"rendered":"https:\/\/www.cnam.ie\/?p=3843"},"modified":"2025-01-20T15:30:48","modified_gmt":"2025-01-20T15:30:48","slug":"dearbhaionn-coimisiun-na-mean-a-intinn-an-mear-phroiseas-ceadunaithe-chun-conarthai-craolachain-fuaime-a-dheonu","status":"publish","type":"post","link":"https:\/\/www.cnam.ie\/ga\/dearbhaionn-coimisiun-na-mean-a-intinn-an-mear-phroiseas-ceadunaithe-chun-conarthai-craolachain-fuaime-a-dheonu\/","title":{"rendered":"Dearbha\u00edonn Coimisi\u00fan na Me\u00e1n a intinn an mear-phr\u00f3iseas cead\u00fanaithe chun conartha\u00ed craolach\u00e1in fuaime a dheon\u00fa\u00a0"},"content":{"rendered":"\n<p>I gcomhr\u00e9ir le halt 67(3) den Acht Craolach\u00e1in 2009 arna leas\u00fa, (\u201cAcht\u201d) f\u00f3gra\u00edonn Coimisi\u00fan na Me\u00e1n (\u201cAn Coimisi\u00fan\u201d) leis seo go bhfuil s\u00e9 ar intinn ag an gCoimisi\u00fan an mear-phr\u00f3iseas cead\u00fanaithe a agairt faoi alt 67(6) den Acht chun gach ceann de na naoi gconradh craolach\u00e1in fuaime (\u201cConradh\u201d), a bhfuil cur s\u00edos orthu th\u00edos, a dheon\u00fa.&nbsp;<\/p>\n\n\n\n<p>M\u00e1 t\u00e1 suim ag aon duine, seachas an sealbh\u00f3ir, an tseirbh\u00eds chraolach\u00e1in fuaime seo a shol\u00e1thar, n\u00ed m\u00f3r d\u00f3ibh aighneacht i scr\u00edbhinn a chur isteach, ag cur in i\u00fal gur mian leo iarratas a dh\u00e9anamh ar dheon\u00fa an chonartha seo, agus \u00e9arlais sa mh\u00e9ad \u20ac20,000 a chur i dtaisce leis an gCoimisi\u00fan faoin spiocdh\u00e1ta at\u00e1 luaite.\u202f T\u00e1 an \u00e9arlais sin in-ais\u00edoctha, m\u00e1 chuirtear iarratas ar dheon\u00fa an chonartha faoi bhr\u00e1id an Choimisi\u00fain ina dhiaidh sin, de r\u00e9ir alt 67(5) den Acht.&nbsp;<\/p>\n\n\n\n<p>N\u00ed m\u00f3r an aighneacht a bheith leagtha amach de r\u00e9ir an \u201cTreoir d\u2019Aighneachta\u00ed: L\u00e9iri\u00fa Intinne\u201d at\u00e1 foilsithe th\u00edos do gach conradh craolach\u00e1in fuaime. N\u00ed ionann L\u00e9iri\u00fa Intinne a chuirtear isteach mar fhreagairt ar an bhf\u00f3gra seo agus iarratas ar an gConradh. Eiseofar cuireadh chun iarratas a dh\u00e9anamh ar dheontas an Chonartha de r\u00e9ir alt 65(8) den Acht ar leithligh, m\u00e1 mheasann an Coimisi\u00fan gur cu\u00ed d\u00e9anamh amhlaidh.&nbsp;<\/p>\n\n\n\n<p><strong>An Mhumhain<\/strong>&nbsp;<\/p>\n\n\n\n<ul class=\"wp-block-list\">\n<li><strong>R\u00e9igi\u00fan an Oir-Dheiscirt lena n-\u00e1ir\u00edtear Cathair agus Contae Phort L\u00e1irge, <\/strong><strong>Tiobraid \u00c1rainn Theas agus Contae Cheatharlach, Contae Chill Chainnigh agus Loch Garman<\/strong><strong> &#8211;<\/strong><strong><em> Seirbh\u00eds reigi\u00fanach tiomanta ar cheol don aoisghr\u00fapa 15-34 bliain d\u2019aois&nbsp;<\/em><\/strong>&nbsp;<\/li>\n<\/ul>\n\n\n\n<p><em>T\u00e1 an Conradh, le WKW FM Limited faoi l\u00e1thair at\u00e1 ag craoladh na seirbh\u00edse Beat 102-103, le dul in \u00e9ag ar an 30 M\u00e1rta 2025.<\/em>&nbsp;<\/p>\n\n\n\n<p><a href=\"https:\/\/www.cnam.ie\/app\/uploads\/2024\/06\/202406_SoI_Guide_Reigiunach_OirDheis-1.pdf\">Treoir<\/a> agust Foirm<\/p>\n\n\n\n<ul class=\"wp-block-list\">\n<li><strong>Contae Chiarra\u00ed<\/strong><strong><em> &#8211;<\/em><\/strong><strong> <\/strong><strong><em>Seirbh\u00eds \u00e1iti\u00fail i bhform\u00e1id leathan\u202f<\/em><\/strong>&nbsp;<\/li>\n<\/ul>\n\n\n\n<p><em>T\u00e1 an Conradh, le <\/em><em>Raidi\u00f3 Chiarra\u00ed Teoranta <\/em><em>faoi l\u00e1thair at\u00e1 ag craoladh na seirbh\u00edse Radio Kerry, le dul in \u00e9ag ar an 9 Aibre\u00e1n 2025.<\/em>&nbsp;<\/p>\n\n\n\n<p><a href=\"https:\/\/www.cnam.ie\/app\/uploads\/2024\/06\/202406_SoI_Guide_LBF_KerryCo_Irish-1.pdf\">Treoir<\/a> agust Foirm<\/p>\n\n\n\n<ul class=\"wp-block-list\">\n<li><strong>Cathair agus Contae Chorca\u00ed &#8211; t\u00e1 dh\u00e1 sheirbh\u00eds ag feidhmi\u00fa faoi chonradh aonair, mar seo a leanas:<\/strong>&nbsp;<\/li>\n<\/ul>\n\n\n\n<ol start=\"1\" class=\"wp-block-list\">\n<li><strong><em>Seirbh\u00eds \u00e1iti\u00fail i bhform\u00e1id leathan\u202fag craoladh mar C103.<\/em><\/strong>&nbsp;<\/li>\n<\/ol>\n\n\n\n<ol start=\"2\" class=\"wp-block-list\">\n<li><strong><em>Seirbh\u00eds \u00e1iti\u00fail tiomanta ar cheol don aoisghr\u00fapa 25-44 bliain d\u2019aois<\/em><\/strong><strong> <\/strong><strong><em>ag craoladh mar Cork\u2019s 96FM.<\/em><\/strong>&nbsp;<\/li>\n<\/ol>\n\n\n\n<p><em>T\u00e1 an Conradh, le <\/em><em>County Media Limited <\/em><em>faoi l\u00e1thair at\u00e1 ag craoladh na seirbh\u00eds\u00ed thuasluaite, le dul in \u00e9ag ar an 30 Aibre\u00e1n 2025.<\/em>&nbsp;<\/p>\n\n\n\n<p><a href=\"https:\/\/www.cnam.ie\/app\/uploads\/2024\/06\/202406_SoI_Guide_DhaSheirbhis_Corcai-1.pdf\">Treoir<\/a> agust Foirm<\/p>\n\n\n\n<p><\/p>\n\n\n\n<p><br><strong>Connacht-Ulaidh<\/strong>&nbsp;<\/p>\n\n\n\n<ul class=\"wp-block-list\">\n<li><strong>Tuaisceart Dh\u00fan na nGall &#8211; <\/strong><strong><em>Seirbh\u00eds \u00e1iti\u00fail i bhform\u00e1id leathan\u202f<\/em><\/strong>&nbsp;<\/li>\n<\/ul>\n\n\n\n<p><em>T\u00e1 an Conradh, le <\/em><em>Donegal Highland Radio Limited <\/em><em>faoi l\u00e1thair <\/em><em>at\u00e1 <\/em><em>ag craoladh na seirbh\u00edse Highland Radio, le dul in \u00e9ag ar an 30 M\u00e1rta 2025.<\/em>&nbsp;<\/p>\n\n\n\n<p><a href=\"https:\/\/www.cnam.ie\/app\/uploads\/2024\/06\/202406_SoI_Guide_LBF_DunnanGall-1.pdf\">Treoir<\/a> agust Foirm<\/p>\n\n\n\n<ul class=\"wp-block-list\">\n<li><strong>Contae Shligigh, Liatroma Thuaidh agus Deisceart Dh\u00fan na nGall &#8211; <\/strong><strong><em>Seirbh\u00eds \u00e1iti\u00fail i bhform\u00e1id leathan\u202f<\/em><\/strong>&nbsp;<\/li>\n<\/ul>\n\n\n\n<p><em>T\u00e1 an Conradh, le <\/em><em>North West Broadcasting Limited\u202f<\/em><em>faoi l\u00e1thair at\u00e1 ag craoladh na seirbh\u00edse Ocean FM, le dul in \u00e9ag ar an 30 M\u00e1rta 2025.<\/em>&nbsp;<\/p>\n\n\n\n<p><a href=\"https:\/\/www.cnam.ie\/app\/uploads\/2024\/06\/202406_SoI_Guide_LBF_IarThuaisceart-1.pdf\">Treoir<\/a> agust Foirm<\/p>\n\n\n\n<p><br><strong>Laighin seachas Cathair agus Contae Bhaile \u00c1tha Cliath<\/strong>&nbsp;<\/p>\n\n\n\n<ul class=\"wp-block-list\">\n<li><strong>Contae Chill Chainnigh agus Contae Cheatharlach &#8211; <\/strong><strong><em>Seirbh\u00eds \u00e1iti\u00fail i bhform\u00e1id leathan\u202f<\/em><\/strong>&nbsp;<\/li>\n<\/ul>\n\n\n\n<p><em>T\u00e1 an Conradh, le C.K. Broadcasting<\/em> <em>Limited\u202f<\/em><em>faoi l\u00e1thair at\u00e1 ag craoladh na seirbh\u00edse KCLR 96FM, le dul in \u00e9ag ar an 21 Aibre\u00e1n 2025.<\/em>&nbsp;<\/p>\n\n\n\n<p><a href=\"https:\/\/www.cnam.ie\/app\/uploads\/2024\/06\/202406_SoI_Guide_LBF_ChillChainnighCeatharlach-1.pdf\">Treoir<\/a> agust Foirm<\/p>\n\n\n\n<ul class=\"wp-block-list\">\n<li><strong>Contae Laoise, Contae U\u00edbh Fhail\u00ed agus Contae na hIarmh\u00ed &#8211; <\/strong><strong><em>Seirbh\u00eds \u00e1iti\u00fail i bhform\u00e1id leathan\u202f<\/em><\/strong>&nbsp;<\/li>\n<\/ul>\n\n\n\n<p><em>T\u00e1 an Conradh, le <\/em><em>Midlands Community Radio Services Limited\u202f<\/em><em>faoi l\u00e1thair at\u00e1 ag craoladh na seirbh\u00edse Midlands 103, le dul in \u00e9ag ar an 30 M\u00e1rta 2025.<\/em>&nbsp;<\/p>\n\n\n\n<p><a href=\"https:\/\/www.cnam.ie\/app\/uploads\/2024\/06\/202406_SoI_Guide_LBF_LarTire-1.pdf\">Treoir<\/a> agust Foirm<\/p>\n\n\n\n<p><\/p>\n\n\n\n<p><br><strong>Cathair agus Contae Bhaile \u00c1tha Cliath<\/strong>&nbsp;<\/p>\n\n\n\n<ul class=\"wp-block-list\">\n<li><strong>Cathair agus Contae Bhaile \u00c1tha Cliath &#8211; <\/strong><strong><em>Seirbh\u00eds \u00e1iti\u00fail tiomanta ar cheol don aoisghr\u00fapa at\u00e1 15-34 bliain d\u2019aois<\/em><\/strong>&nbsp;<\/li>\n<\/ul>\n\n\n\n<p><em>T\u00e1 an Conradh, le <\/em><em>Bauer Audio Ireland Limited\u202far son Bauer Audio Ireland LP<\/em><em> faoi l\u00e1thair at\u00e1 ag craoladh na seirbh\u00edse Spin 103.8, le dul in \u00e9ag ar an 5 Aibre\u00e1n 2025.<\/em>&nbsp;<\/p>\n\n\n\n<p><a href=\"https:\/\/www.cnam.ie\/app\/uploads\/2024\/06\/202406_SoI_Guide_YouthMusic_BAC-1.pdf\">Treoir<\/a> agust Foirm<\/p>\n\n\n\n<ul class=\"wp-block-list\">\n<li><strong>Cathair agus Contae Bhaile \u00c1tha Cliath &#8211; <\/strong><strong><em>Seirbh\u00eds \u00e1iti\u00fail tiomanta ar cheol sainr\u00e9imse<\/em><\/strong>&nbsp;<\/li>\n<\/ul>\n\n\n\n<p><em>T\u00e1 an Conradh, le Star Broadcasting Limited faoi l\u00e1thair at\u00e1 ag craoladh na seirbh\u00edse Sunshine 106.8, le dul in \u00e9ag ar an 30 M\u00e1rta 2025.<\/em>&nbsp;<\/p>\n\n\n\n<p><a href=\"https:\/\/www.cnam.ie\/app\/uploads\/2024\/06\/202406_SoI_Guide_Niche_BAC-1.pdf\">Treoir<\/a> agust Foirm<\/p>\n\n\n\n<p>&nbsp;<\/p>\n","protected":false},"excerpt":{"rendered":"<p>I gcomhr\u00e9ir le halt 67(3) den Acht Craolach\u00e1in 2009 arna leas\u00fa, (\u201cAcht\u201d) f\u00f3gra\u00edonn Coimisi\u00fan na Me\u00e1n (\u201cAn Coimisi\u00fan\u201d) leis seo go bhfuil s\u00e9 ar intinn ag an gCoimisi\u00fan an mear-phr\u00f3iseas cead\u00fanaithe a agairt faoi alt 67(6) den Acht chun gach ceann de na naoi gconradh craolach\u00e1in fuaime (\u201cConradh\u201d), a bhfuil cur s\u00edos orthu th\u00edos, a [&hellip;]<\/p>\n","protected":false},"author":9,"featured_media":3885,"comment_status":"closed","ping_status":"closed","sticky":false,"template":"","format":"standard","meta":{"_acf_changed":false,"_relevanssi_hide_post":"","_relevanssi_hide_content":"","_relevanssi_pin_for_all":"","_relevanssi_pin_keywords":"","_relevanssi_unpin_keywords":"","_relevanssi_related_keywords":"","_relevanssi_related_include_ids":"","_relevanssi_related_exclude_ids":"","_relevanssi_related_no_append":"","_relevanssi_related_not_related":"","_relevanssi_related_posts":"858,7649,7605,7634,7618,617","_relevanssi_noindex_reason":"","_uag_custom_page_level_css":"","footnotes":""},"categories":[97],"tags":[],"class_list":["post-3843","post","type-post","status-publish","format-standard","has-post-thumbnail","hentry","category-ceadunaithe"],"acf":[],"yoast_head":"<!-- This site is optimized with the Yoast SEO plugin v27.5 - https:\/\/yoast.com\/product\/yoast-seo-wordpress\/ -->\n<title>Dearbha\u00edonn Coimisi\u00fan na Me\u00e1n a intinn an mear-phr\u00f3iseas cead\u00fanaithe chun conartha\u00ed craolach\u00e1in fuaime a dheon\u00fa\u00a0 - Coimisi\u00fan na Me\u00e1n<\/title>\n<meta name=\"robots\" content=\"index, follow, max-snippet:-1, max-image-preview:large, max-video-preview:-1\" \/>\n<link rel=\"canonical\" href=\"https:\/\/www.cnam.ie\/ga\/dearbhaionn-coimisiun-na-mean-a-intinn-an-mear-phroiseas-ceadunaithe-chun-conarthai-craolachain-fuaime-a-dheonu\/\" \/>\n<meta property=\"og:locale\" content=\"ga_IE\" \/>\n<meta property=\"og:type\" content=\"article\" \/>\n<meta property=\"og:title\" content=\"Dearbha\u00edonn Coimisi\u00fan na Me\u00e1n a intinn an mear-phr\u00f3iseas cead\u00fanaithe chun conartha\u00ed craolach\u00e1in fuaime a dheon\u00fa\u00a0 - Coimisi\u00fan na Me\u00e1n\" \/>\n<meta property=\"og:description\" content=\"I gcomhr\u00e9ir le halt 67(3) den Acht Craolach\u00e1in 2009 arna leas\u00fa, (\u201cAcht\u201d) f\u00f3gra\u00edonn Coimisi\u00fan na Me\u00e1n (\u201cAn Coimisi\u00fan\u201d) leis seo go bhfuil s\u00e9 ar intinn ag an gCoimisi\u00fan an mear-phr\u00f3iseas cead\u00fanaithe a agairt faoi alt 67(6) den Acht chun gach ceann de na naoi gconradh craolach\u00e1in fuaime (\u201cConradh\u201d), a bhfuil cur s\u00edos orthu th\u00edos, a [&hellip;]\" \/>\n<meta property=\"og:url\" content=\"https:\/\/www.cnam.ie\/ga\/dearbhaionn-coimisiun-na-mean-a-intinn-an-mear-phroiseas-ceadunaithe-chun-conarthai-craolachain-fuaime-a-dheonu\/\" \/>\n<meta property=\"og:site_name\" content=\"Coimisi\u00fan na Me\u00e1n\" \/>\n<meta property=\"article:publisher\" content=\"https:\/\/www.facebook.com\/CNaM.Ireland\/\" \/>\n<meta property=\"article:published_time\" content=\"2024-06-10T06:54:14+00:00\" \/>\n<meta property=\"article:modified_time\" content=\"2025-01-20T15:30:48+00:00\" \/>\n<meta property=\"og:image\" content=\"https:\/\/www.cnam.ie\/app\/uploads\/2024\/06\/2.jpg\" \/>\n\t<meta property=\"og:image:width\" content=\"1200\" \/>\n\t<meta property=\"og:image:height\" content=\"800\" \/>\n\t<meta property=\"og:image:type\" content=\"image\/jpeg\" \/>\n<meta name=\"author\" content=\"Naomi Temple\" \/>\n<meta name=\"twitter:card\" content=\"summary_large_image\" \/>\n<meta name=\"twitter:creator\" content=\"@CNaM_ie\" \/>\n<meta name=\"twitter:site\" content=\"@CNaM_ie\" \/>\n<meta name=\"twitter:label1\" content=\"Written by\" \/>\n\t<meta name=\"twitter:data1\" content=\"Naomi Temple\" \/>\n\t<meta name=\"twitter:label2\" content=\"Est. reading time\" \/>\n\t<meta name=\"twitter:data2\" content=\"4 minutes\" \/>\n<script type=\"application\/ld+json\" class=\"yoast-schema-graph\">{\"@context\":\"https:\\\/\\\/schema.org\",\"@graph\":[{\"@type\":\"Article\",\"@id\":\"https:\\\/\\\/www.cnam.ie\\\/ga\\\/dearbhaionn-coimisiun-na-mean-a-intinn-an-mear-phroiseas-ceadunaithe-chun-conarthai-craolachain-fuaime-a-dheonu\\\/#article\",\"isPartOf\":{\"@id\":\"https:\\\/\\\/www.cnam.ie\\\/ga\\\/dearbhaionn-coimisiun-na-mean-a-intinn-an-mear-phroiseas-ceadunaithe-chun-conarthai-craolachain-fuaime-a-dheonu\\\/\"},\"author\":{\"name\":\"Naomi Temple\",\"@id\":\"https:\\\/\\\/www.cnam.ie\\\/ga\\\/#\\\/schema\\\/person\\\/4473336678b5cfbaddbe9d6b753897d6\"},\"headline\":\"Dearbha\u00edonn Coimisi\u00fan na Me\u00e1n a intinn an mear-phr\u00f3iseas cead\u00fanaithe chun conartha\u00ed craolach\u00e1in fuaime a dheon\u00fa\u00a0\",\"datePublished\":\"2024-06-10T06:54:14+00:00\",\"dateModified\":\"2025-01-20T15:30:48+00:00\",\"mainEntityOfPage\":{\"@id\":\"https:\\\/\\\/www.cnam.ie\\\/ga\\\/dearbhaionn-coimisiun-na-mean-a-intinn-an-mear-phroiseas-ceadunaithe-chun-conarthai-craolachain-fuaime-a-dheonu\\\/\"},\"wordCount\":783,\"publisher\":{\"@id\":\"https:\\\/\\\/www.cnam.ie\\\/ga\\\/#organization\"},\"image\":{\"@id\":\"https:\\\/\\\/www.cnam.ie\\\/ga\\\/dearbhaionn-coimisiun-na-mean-a-intinn-an-mear-phroiseas-ceadunaithe-chun-conarthai-craolachain-fuaime-a-dheonu\\\/#primaryimage\"},\"thumbnailUrl\":\"https:\\\/\\\/www.cnam.ie\\\/app\\\/uploads\\\/2024\\\/06\\\/2.jpg\",\"articleSection\":[\"Cead\u00fanaithe\"],\"inLanguage\":\"ga-IE\"},{\"@type\":\"WebPage\",\"@id\":\"https:\\\/\\\/www.cnam.ie\\\/ga\\\/dearbhaionn-coimisiun-na-mean-a-intinn-an-mear-phroiseas-ceadunaithe-chun-conarthai-craolachain-fuaime-a-dheonu\\\/\",\"url\":\"https:\\\/\\\/www.cnam.ie\\\/ga\\\/dearbhaionn-coimisiun-na-mean-a-intinn-an-mear-phroiseas-ceadunaithe-chun-conarthai-craolachain-fuaime-a-dheonu\\\/\",\"name\":\"Dearbha\u00edonn Coimisi\u00fan na Me\u00e1n a intinn an mear-phr\u00f3iseas cead\u00fanaithe chun conartha\u00ed craolach\u00e1in fuaime a dheon\u00fa\u00a0 - Coimisi\u00fan na Me\u00e1n\",\"isPartOf\":{\"@id\":\"https:\\\/\\\/www.cnam.ie\\\/ga\\\/#website\"},\"primaryImageOfPage\":{\"@id\":\"https:\\\/\\\/www.cnam.ie\\\/ga\\\/dearbhaionn-coimisiun-na-mean-a-intinn-an-mear-phroiseas-ceadunaithe-chun-conarthai-craolachain-fuaime-a-dheonu\\\/#primaryimage\"},\"image\":{\"@id\":\"https:\\\/\\\/www.cnam.ie\\\/ga\\\/dearbhaionn-coimisiun-na-mean-a-intinn-an-mear-phroiseas-ceadunaithe-chun-conarthai-craolachain-fuaime-a-dheonu\\\/#primaryimage\"},\"thumbnailUrl\":\"https:\\\/\\\/www.cnam.ie\\\/app\\\/uploads\\\/2024\\\/06\\\/2.jpg\",\"datePublished\":\"2024-06-10T06:54:14+00:00\",\"dateModified\":\"2025-01-20T15:30:48+00:00\",\"breadcrumb\":{\"@id\":\"https:\\\/\\\/www.cnam.ie\\\/ga\\\/dearbhaionn-coimisiun-na-mean-a-intinn-an-mear-phroiseas-ceadunaithe-chun-conarthai-craolachain-fuaime-a-dheonu\\\/#breadcrumb\"},\"inLanguage\":\"ga-IE\",\"potentialAction\":[{\"@type\":\"ReadAction\",\"target\":[\"https:\\\/\\\/www.cnam.ie\\\/ga\\\/dearbhaionn-coimisiun-na-mean-a-intinn-an-mear-phroiseas-ceadunaithe-chun-conarthai-craolachain-fuaime-a-dheonu\\\/\"]}]},{\"@type\":\"ImageObject\",\"inLanguage\":\"ga-IE\",\"@id\":\"https:\\\/\\\/www.cnam.ie\\\/ga\\\/dearbhaionn-coimisiun-na-mean-a-intinn-an-mear-phroiseas-ceadunaithe-chun-conarthai-craolachain-fuaime-a-dheonu\\\/#primaryimage\",\"url\":\"https:\\\/\\\/www.cnam.ie\\\/app\\\/uploads\\\/2024\\\/06\\\/2.jpg\",\"contentUrl\":\"https:\\\/\\\/www.cnam.ie\\\/app\\\/uploads\\\/2024\\\/06\\\/2.jpg\",\"width\":1200,\"height\":800,\"caption\":\"Intinn an mear-phr\u00f3iseas cead\u00fanaithe chun conartha\u00ed craolach\u00e1in fuaime a dheon\u00fa\"},{\"@type\":\"BreadcrumbList\",\"@id\":\"https:\\\/\\\/www.cnam.ie\\\/ga\\\/dearbhaionn-coimisiun-na-mean-a-intinn-an-mear-phroiseas-ceadunaithe-chun-conarthai-craolachain-fuaime-a-dheonu\\\/#breadcrumb\",\"itemListElement\":[{\"@type\":\"ListItem\",\"position\":1,\"name\":\"Home\",\"item\":\"https:\\\/\\\/www.cnam.ie\\\/ga\\\/\"},{\"@type\":\"ListItem\",\"position\":2,\"name\":\"Dearbha\u00edonn Coimisi\u00fan na Me\u00e1n a intinn an mear-phr\u00f3iseas cead\u00fanaithe chun conartha\u00ed craolach\u00e1in fuaime a dheon\u00fa\u00a0\"}]},{\"@type\":\"WebSite\",\"@id\":\"https:\\\/\\\/www.cnam.ie\\\/ga\\\/#website\",\"url\":\"https:\\\/\\\/www.cnam.ie\\\/ga\\\/\",\"name\":\"Coimisiun na Mean\",\"description\":\"Coimisi\u00fan na Me\u00e1n\",\"publisher\":{\"@id\":\"https:\\\/\\\/www.cnam.ie\\\/ga\\\/#organization\"},\"potentialAction\":[{\"@type\":\"SearchAction\",\"target\":{\"@type\":\"EntryPoint\",\"urlTemplate\":\"https:\\\/\\\/www.cnam.ie\\\/ga\\\/?s={search_term_string}\"},\"query-input\":{\"@type\":\"PropertyValueSpecification\",\"valueRequired\":true,\"valueName\":\"search_term_string\"}}],\"inLanguage\":\"ga-IE\"},{\"@type\":\"Organization\",\"@id\":\"https:\\\/\\\/www.cnam.ie\\\/ga\\\/#organization\",\"name\":\"Coimisiun na Mean\",\"url\":\"https:\\\/\\\/www.cnam.ie\\\/ga\\\/\",\"logo\":{\"@type\":\"ImageObject\",\"inLanguage\":\"ga-IE\",\"@id\":\"https:\\\/\\\/www.cnam.ie\\\/ga\\\/#\\\/schema\\\/logo\\\/image\\\/\",\"url\":\"https:\\\/\\\/www.cnam.ie\\\/app\\\/uploads\\\/2024\\\/12\\\/Website-image-with-logo.jpg\",\"contentUrl\":\"https:\\\/\\\/www.cnam.ie\\\/app\\\/uploads\\\/2024\\\/12\\\/Website-image-with-logo.jpg\",\"width\":1200,\"height\":800,\"caption\":\"Coimisiun na Mean\"},\"image\":{\"@id\":\"https:\\\/\\\/www.cnam.ie\\\/ga\\\/#\\\/schema\\\/logo\\\/image\\\/\"},\"sameAs\":[\"https:\\\/\\\/www.facebook.com\\\/CNaM.Ireland\\\/\",\"https:\\\/\\\/x.com\\\/CNaM_ie\"]},{\"@type\":\"Person\",\"@id\":\"https:\\\/\\\/www.cnam.ie\\\/ga\\\/#\\\/schema\\\/person\\\/4473336678b5cfbaddbe9d6b753897d6\",\"name\":\"Naomi Temple\",\"image\":{\"@type\":\"ImageObject\",\"inLanguage\":\"ga-IE\",\"@id\":\"https:\\\/\\\/secure.gravatar.com\\\/avatar\\\/5bb4a37b25e85fce7c1eabb9f45f71e128b28e5f8a51b41c4b3509fe7a9c196f?s=96&d=mm&r=g\",\"url\":\"https:\\\/\\\/secure.gravatar.com\\\/avatar\\\/5bb4a37b25e85fce7c1eabb9f45f71e128b28e5f8a51b41c4b3509fe7a9c196f?s=96&d=mm&r=g\",\"contentUrl\":\"https:\\\/\\\/secure.gravatar.com\\\/avatar\\\/5bb4a37b25e85fce7c1eabb9f45f71e128b28e5f8a51b41c4b3509fe7a9c196f?s=96&d=mm&r=g\",\"caption\":\"Naomi Temple\"}}]}<\/script>\n<!-- \/ Yoast SEO plugin. -->","yoast_head_json":{"title":"Dearbha\u00edonn Coimisi\u00fan na Me\u00e1n a intinn an mear-phr\u00f3iseas cead\u00fanaithe chun conartha\u00ed craolach\u00e1in fuaime a dheon\u00fa\u00a0 - Coimisi\u00fan na Me\u00e1n","robots":{"index":"index","follow":"follow","max-snippet":"max-snippet:-1","max-image-preview":"max-image-preview:large","max-video-preview":"max-video-preview:-1"},"canonical":"https:\/\/www.cnam.ie\/ga\/dearbhaionn-coimisiun-na-mean-a-intinn-an-mear-phroiseas-ceadunaithe-chun-conarthai-craolachain-fuaime-a-dheonu\/","og_locale":"ga_IE","og_type":"article","og_title":"Dearbha\u00edonn Coimisi\u00fan na Me\u00e1n a intinn an mear-phr\u00f3iseas cead\u00fanaithe chun conartha\u00ed craolach\u00e1in fuaime a dheon\u00fa\u00a0 - Coimisi\u00fan na Me\u00e1n","og_description":"I gcomhr\u00e9ir le halt 67(3) den Acht Craolach\u00e1in 2009 arna leas\u00fa, (\u201cAcht\u201d) f\u00f3gra\u00edonn Coimisi\u00fan na Me\u00e1n (\u201cAn Coimisi\u00fan\u201d) leis seo go bhfuil s\u00e9 ar intinn ag an gCoimisi\u00fan an mear-phr\u00f3iseas cead\u00fanaithe a agairt faoi alt 67(6) den Acht chun gach ceann de na naoi gconradh craolach\u00e1in fuaime (\u201cConradh\u201d), a bhfuil cur s\u00edos orthu th\u00edos, a [&hellip;]","og_url":"https:\/\/www.cnam.ie\/ga\/dearbhaionn-coimisiun-na-mean-a-intinn-an-mear-phroiseas-ceadunaithe-chun-conarthai-craolachain-fuaime-a-dheonu\/","og_site_name":"Coimisi\u00fan na Me\u00e1n","article_publisher":"https:\/\/www.facebook.com\/CNaM.Ireland\/","article_published_time":"2024-06-10T06:54:14+00:00","article_modified_time":"2025-01-20T15:30:48+00:00","og_image":[{"width":1200,"height":800,"url":"https:\/\/www.cnam.ie\/app\/uploads\/2024\/06\/2.jpg","type":"image\/jpeg"}],"author":"Naomi Temple","twitter_card":"summary_large_image","twitter_creator":"@CNaM_ie","twitter_site":"@CNaM_ie","twitter_misc":{"Written by":"Naomi Temple","Est. reading time":"4 minutes"},"schema":{"@context":"https:\/\/schema.org","@graph":[{"@type":"Article","@id":"https:\/\/www.cnam.ie\/ga\/dearbhaionn-coimisiun-na-mean-a-intinn-an-mear-phroiseas-ceadunaithe-chun-conarthai-craolachain-fuaime-a-dheonu\/#article","isPartOf":{"@id":"https:\/\/www.cnam.ie\/ga\/dearbhaionn-coimisiun-na-mean-a-intinn-an-mear-phroiseas-ceadunaithe-chun-conarthai-craolachain-fuaime-a-dheonu\/"},"author":{"name":"Naomi Temple","@id":"https:\/\/www.cnam.ie\/ga\/#\/schema\/person\/4473336678b5cfbaddbe9d6b753897d6"},"headline":"Dearbha\u00edonn Coimisi\u00fan na Me\u00e1n a intinn an mear-phr\u00f3iseas cead\u00fanaithe chun conartha\u00ed craolach\u00e1in fuaime a dheon\u00fa\u00a0","datePublished":"2024-06-10T06:54:14+00:00","dateModified":"2025-01-20T15:30:48+00:00","mainEntityOfPage":{"@id":"https:\/\/www.cnam.ie\/ga\/dearbhaionn-coimisiun-na-mean-a-intinn-an-mear-phroiseas-ceadunaithe-chun-conarthai-craolachain-fuaime-a-dheonu\/"},"wordCount":783,"publisher":{"@id":"https:\/\/www.cnam.ie\/ga\/#organization"},"image":{"@id":"https:\/\/www.cnam.ie\/ga\/dearbhaionn-coimisiun-na-mean-a-intinn-an-mear-phroiseas-ceadunaithe-chun-conarthai-craolachain-fuaime-a-dheonu\/#primaryimage"},"thumbnailUrl":"https:\/\/www.cnam.ie\/app\/uploads\/2024\/06\/2.jpg","articleSection":["Cead\u00fanaithe"],"inLanguage":"ga-IE"},{"@type":"WebPage","@id":"https:\/\/www.cnam.ie\/ga\/dearbhaionn-coimisiun-na-mean-a-intinn-an-mear-phroiseas-ceadunaithe-chun-conarthai-craolachain-fuaime-a-dheonu\/","url":"https:\/\/www.cnam.ie\/ga\/dearbhaionn-coimisiun-na-mean-a-intinn-an-mear-phroiseas-ceadunaithe-chun-conarthai-craolachain-fuaime-a-dheonu\/","name":"Dearbha\u00edonn Coimisi\u00fan na Me\u00e1n a intinn an mear-phr\u00f3iseas cead\u00fanaithe chun conartha\u00ed craolach\u00e1in fuaime a dheon\u00fa\u00a0 - Coimisi\u00fan na Me\u00e1n","isPartOf":{"@id":"https:\/\/www.cnam.ie\/ga\/#website"},"primaryImageOfPage":{"@id":"https:\/\/www.cnam.ie\/ga\/dearbhaionn-coimisiun-na-mean-a-intinn-an-mear-phroiseas-ceadunaithe-chun-conarthai-craolachain-fuaime-a-dheonu\/#primaryimage"},"image":{"@id":"https:\/\/www.cnam.ie\/ga\/dearbhaionn-coimisiun-na-mean-a-intinn-an-mear-phroiseas-ceadunaithe-chun-conarthai-craolachain-fuaime-a-dheonu\/#primaryimage"},"thumbnailUrl":"https:\/\/www.cnam.ie\/app\/uploads\/2024\/06\/2.jpg","datePublished":"2024-06-10T06:54:14+00:00","dateModified":"2025-01-20T15:30:48+00:00","breadcrumb":{"@id":"https:\/\/www.cnam.ie\/ga\/dearbhaionn-coimisiun-na-mean-a-intinn-an-mear-phroiseas-ceadunaithe-chun-conarthai-craolachain-fuaime-a-dheonu\/#breadcrumb"},"inLanguage":"ga-IE","potentialAction":[{"@type":"ReadAction","target":["https:\/\/www.cnam.ie\/ga\/dearbhaionn-coimisiun-na-mean-a-intinn-an-mear-phroiseas-ceadunaithe-chun-conarthai-craolachain-fuaime-a-dheonu\/"]}]},{"@type":"ImageObject","inLanguage":"ga-IE","@id":"https:\/\/www.cnam.ie\/ga\/dearbhaionn-coimisiun-na-mean-a-intinn-an-mear-phroiseas-ceadunaithe-chun-conarthai-craolachain-fuaime-a-dheonu\/#primaryimage","url":"https:\/\/www.cnam.ie\/app\/uploads\/2024\/06\/2.jpg","contentUrl":"https:\/\/www.cnam.ie\/app\/uploads\/2024\/06\/2.jpg","width":1200,"height":800,"caption":"Intinn an mear-phr\u00f3iseas cead\u00fanaithe chun conartha\u00ed craolach\u00e1in fuaime a dheon\u00fa"},{"@type":"BreadcrumbList","@id":"https:\/\/www.cnam.ie\/ga\/dearbhaionn-coimisiun-na-mean-a-intinn-an-mear-phroiseas-ceadunaithe-chun-conarthai-craolachain-fuaime-a-dheonu\/#breadcrumb","itemListElement":[{"@type":"ListItem","position":1,"name":"Home","item":"https:\/\/www.cnam.ie\/ga\/"},{"@type":"ListItem","position":2,"name":"Dearbha\u00edonn Coimisi\u00fan na Me\u00e1n a intinn an mear-phr\u00f3iseas cead\u00fanaithe chun conartha\u00ed craolach\u00e1in fuaime a dheon\u00fa\u00a0"}]},{"@type":"WebSite","@id":"https:\/\/www.cnam.ie\/ga\/#website","url":"https:\/\/www.cnam.ie\/ga\/","name":"Coimisiun na Mean","description":"Coimisi\u00fan na Me\u00e1n","publisher":{"@id":"https:\/\/www.cnam.ie\/ga\/#organization"},"potentialAction":[{"@type":"SearchAction","target":{"@type":"EntryPoint","urlTemplate":"https:\/\/www.cnam.ie\/ga\/?s={search_term_string}"},"query-input":{"@type":"PropertyValueSpecification","valueRequired":true,"valueName":"search_term_string"}}],"inLanguage":"ga-IE"},{"@type":"Organization","@id":"https:\/\/www.cnam.ie\/ga\/#organization","name":"Coimisiun na Mean","url":"https:\/\/www.cnam.ie\/ga\/","logo":{"@type":"ImageObject","inLanguage":"ga-IE","@id":"https:\/\/www.cnam.ie\/ga\/#\/schema\/logo\/image\/","url":"https:\/\/www.cnam.ie\/app\/uploads\/2024\/12\/Website-image-with-logo.jpg","contentUrl":"https:\/\/www.cnam.ie\/app\/uploads\/2024\/12\/Website-image-with-logo.jpg","width":1200,"height":800,"caption":"Coimisiun na Mean"},"image":{"@id":"https:\/\/www.cnam.ie\/ga\/#\/schema\/logo\/image\/"},"sameAs":["https:\/\/www.facebook.com\/CNaM.Ireland\/","https:\/\/x.com\/CNaM_ie"]},{"@type":"Person","@id":"https:\/\/www.cnam.ie\/ga\/#\/schema\/person\/4473336678b5cfbaddbe9d6b753897d6","name":"Naomi Temple","image":{"@type":"ImageObject","inLanguage":"ga-IE","@id":"https:\/\/secure.gravatar.com\/avatar\/5bb4a37b25e85fce7c1eabb9f45f71e128b28e5f8a51b41c4b3509fe7a9c196f?s=96&d=mm&r=g","url":"https:\/\/secure.gravatar.com\/avatar\/5bb4a37b25e85fce7c1eabb9f45f71e128b28e5f8a51b41c4b3509fe7a9c196f?s=96&d=mm&r=g","contentUrl":"https:\/\/secure.gravatar.com\/avatar\/5bb4a37b25e85fce7c1eabb9f45f71e128b28e5f8a51b41c4b3509fe7a9c196f?s=96&d=mm&r=g","caption":"Naomi Temple"}}]}},"spectra_custom_meta":{"_wpml_word_count":["{\"total\":701,\"to_translate\":{\"ga\":701}}","{\"total\":0,\"to_translate\":{\"en\":613,\"ga\":613}}"],"_wpml_media_duplicate":["1","1"],"_wpml_media_featured":["1","1"],"_last_translation_edit_mode":["native-editor","native-editor"],"_yoast_wpseo_focuskw":["Cead\u00fanaithe","Cead\u00fanaithe"],"_yoast_wpseo_linkdex":["60","60"],"_yoast_wpseo_content_score":["30","30"],"_yoast_wpseo_estimated-reading-time-minutes":["4","4"],"_yoast_wpseo_wordproof_timestamp":["",""],"_thumbnail_id":["3885","3885"],"_dp_original":["3071","3071"],"_edit_last":["5","5"],"_edit_lock":["1737387048:5"],"_relevanssi_related_posts":["858,7649,7605,7634,7618,617"],"_wpml_location_migration_done":["1"],"_encloseme":["1"],"_wp_page_template":["default"],"_relevanssi_pin_keywords":[""],"_relevanssi_unpin_keywords":[""],"_yoast_wpseo_primary_category":["18"],"_uag_css_file_name":["uag-css-3843.css"],"_uag_js_file_name":["uag-js-3843.js"]},"uagb_featured_image_src":{"full":["https:\/\/www.cnam.ie\/app\/uploads\/2024\/06\/2.jpg",1200,800,false],"thumbnail":["https:\/\/www.cnam.ie\/app\/uploads\/2024\/06\/2-150x150.jpg",150,150,true],"medium":["https:\/\/www.cnam.ie\/app\/uploads\/2024\/06\/2-300x200.jpg",300,200,true],"medium_large":["https:\/\/www.cnam.ie\/app\/uploads\/2024\/06\/2-768x512.jpg",640,427,true],"large":["https:\/\/www.cnam.ie\/app\/uploads\/2024\/06\/2-1024x683.jpg",640,427,true],"1536x1536":["https:\/\/www.cnam.ie\/app\/uploads\/2024\/06\/2.jpg",1200,800,false],"2048x2048":["https:\/\/www.cnam.ie\/app\/uploads\/2024\/06\/2.jpg",1200,800,false],"gform-image-choice-sm":["https:\/\/www.cnam.ie\/app\/uploads\/2024\/06\/2.jpg",300,200,false],"gform-image-choice-md":["https:\/\/www.cnam.ie\/app\/uploads\/2024\/06\/2.jpg",400,267,false],"gform-image-choice-lg":["https:\/\/www.cnam.ie\/app\/uploads\/2024\/06\/2.jpg",600,400,false]},"uagb_author_info":{"display_name":"Naomi Temple","author_link":"https:\/\/www.cnam.ie\/ga\/author\/naomitemple\/"},"uagb_comment_info":0,"uagb_excerpt":"I gcomhr\u00e9ir le halt 67(3) den Acht Craolach\u00e1in 2009 arna leas\u00fa, (\u201cAcht\u201d) f\u00f3gra\u00edonn Coimisi\u00fan na Me\u00e1n (\u201cAn Coimisi\u00fan\u201d) leis seo go bhfuil s\u00e9 ar intinn ag an gCoimisi\u00fan an mear-phr\u00f3iseas cead\u00fanaithe a agairt faoi alt 67(6) den Acht chun gach ceann de na naoi gconradh craolach\u00e1in fuaime (\u201cConradh\u201d), a bhfuil cur s\u00edos orthu th\u00edos, a&hellip;","_links":{"self":[{"href":"https:\/\/www.cnam.ie\/ga\/wp-json\/wp\/v2\/posts\/3843","targetHints":{"allow":["GET"]}}],"collection":[{"href":"https:\/\/www.cnam.ie\/ga\/wp-json\/wp\/v2\/posts"}],"about":[{"href":"https:\/\/www.cnam.ie\/ga\/wp-json\/wp\/v2\/types\/post"}],"author":[{"embeddable":true,"href":"https:\/\/www.cnam.ie\/ga\/wp-json\/wp\/v2\/users\/9"}],"replies":[{"embeddable":true,"href":"https:\/\/www.cnam.ie\/ga\/wp-json\/wp\/v2\/comments?post=3843"}],"version-history":[{"count":2,"href":"https:\/\/www.cnam.ie\/ga\/wp-json\/wp\/v2\/posts\/3843\/revisions"}],"predecessor-version":[{"id":13714,"href":"https:\/\/www.cnam.ie\/ga\/wp-json\/wp\/v2\/posts\/3843\/revisions\/13714"}],"wp:featuredmedia":[{"embeddable":true,"href":"https:\/\/www.cnam.ie\/ga\/wp-json\/wp\/v2\/media\/3885"}],"wp:attachment":[{"href":"https:\/\/www.cnam.ie\/ga\/wp-json\/wp\/v2\/media?parent=3843"}],"wp:term":[{"taxonomy":"category","embeddable":true,"href":"https:\/\/www.cnam.ie\/ga\/wp-json\/wp\/v2\/categories?post=3843"},{"taxonomy":"post_tag","embeddable":true,"href":"https:\/\/www.cnam.ie\/ga\/wp-json\/wp\/v2\/tags?post=3843"}],"curies":[{"name":"wp","href":"https:\/\/api.w.org\/{rel}","templated":true}]}}