{"id":5819,"date":"2024-11-06T14:51:17","date_gmt":"2024-11-06T14:51:17","guid":{"rendered":"https:\/\/www.cnam.ie\/?p=5819"},"modified":"2025-01-15T12:49:20","modified_gmt":"2025-01-15T12:49:20","slug":"ta-comhairliuchan-poibli-maidir-leis-an-dreachtraiteas-straiteise-seolta-ag-coimisiun-na-mean","status":"publish","type":"post","link":"https:\/\/www.cnam.ie\/ga\/ta-comhairliuchan-poibli-maidir-leis-an-dreachtraiteas-straiteise-seolta-ag-coimisiun-na-mean\/","title":{"rendered":"Comhairli\u00fach\u00e1n poibl\u00ed, maidir len\u00e1r nDr\u00e9achtr\u00e1iteas Strait\u00e9ise, ar oscailt"},"content":{"rendered":"\n<p>Sheol Coimisi\u00fan na Me\u00e1n comhairli\u00fach\u00e1n poibl\u00ed inniu (06 Samhain 2024) maidir lena ch\u00e9ad R\u00e1iteas Strait\u00e9ise. Leagtar amach sa Dr\u00e9achtstrait\u00e9is f\u00eds, misean agus tortha\u00ed strait\u00e9iseacha Choimisi\u00fan na Me\u00e1n, chomh maith le huirlis\u00ed seachadta agus \u00e1isitheoir\u00ed strait\u00e9iseacha.<\/p>\n\n\n\n<p>For\u00e1iltear le halt 29 (1) den Acht um Rial\u00e1il S\u00e1bh\u00e1ilteachta ar L\u00edne agus Me\u00e1n, 2022 (Acht OSMR, 2022), go n-ullmh\u00f3idh Coimisi\u00fan na Me\u00e1n R\u00e1iteas Strait\u00e9ise tr\u00ed bliana a luaithe is f\u00e9idir tar \u00e9is a bhunaithe.<\/p>\n\n\n\n<p>Beidh an comhairli\u00fach\u00e1n oscailte go dt\u00ed an 4 Nollaig.<\/p>\n\n\n\n<p>T\u00e1 tuilleadh faisn\u00e9ise ar f\u00e1il sa <a href=\"https:\/\/www.cnam.ie\/app\/uploads\/2024\/11\/Caipeis-Chomhairliuchain-Dreachtraiteas-Straiteise.pdf\">Ch\u00e1ip\u00e9is Chomhairli\u00fach\u00e1in<\/a>.<\/p>\n\n\n\n<ul class=\"wp-block-list\">\n<li><a href=\"https:\/\/www.cnam.ie\/app\/uploads\/2024\/11\/Raiteas-Straiteise-dreacht-le-haghaidh-comhairliuchain.pdf\">Dr\u00e9achtstrait\u00e9is<\/a><\/li>\n\n\n\n<li><a href=\"https:\/\/mazarsconsultancy.eu.qualtrics.com\/jfe\/form\/SV_6u0jIh8iLHWDlyu\">Foirm Freagartha an Chomhairli\u00fach\u00e1in<\/a><\/li>\n<\/ul>\n\n\n\n<p><strong>*Spriocdh\u00e1ta S\u00ednte \u2013 Beidh an comhairli\u00fach\u00e1n oscailte go dt\u00ed an 6 Nollaig 2024*<\/strong><\/p>\n\n\n\n<p><\/p>\n","protected":false},"excerpt":{"rendered":"<p>Sheol Coimisi\u00fan na Me\u00e1n comhairli\u00fach\u00e1n poibl\u00ed inniu (06 Samhain 2024) maidir lena ch\u00e9ad R\u00e1iteas Strait\u00e9ise. Leagtar amach sa Dr\u00e9achtstrait\u00e9is f\u00eds, misean agus tortha\u00ed strait\u00e9iseacha Choimisi\u00fan na Me\u00e1n, chomh maith le huirlis\u00ed seachadta agus \u00e1isitheoir\u00ed strait\u00e9iseacha. For\u00e1iltear le halt 29 (1) den Acht um Rial\u00e1il S\u00e1bh\u00e1ilteachta ar L\u00edne agus Me\u00e1n, 2022 (Acht OSMR, 2022), go n-ullmh\u00f3idh [&hellip;]<\/p>\n","protected":false},"author":12,"featured_media":5834,"comment_status":"closed","ping_status":"closed","sticky":false,"template":"","format":"standard","meta":{"_acf_changed":false,"_relevanssi_hide_post":"","_relevanssi_hide_content":"","_relevanssi_pin_for_all":"","_relevanssi_pin_keywords":"","_relevanssi_unpin_keywords":"","_relevanssi_related_keywords":"","_relevanssi_related_include_ids":"","_relevanssi_related_exclude_ids":"","_relevanssi_related_no_append":"","_relevanssi_related_not_related":"","_relevanssi_related_posts":"7644,4151,4441,7614,4544,4899","_relevanssi_noindex_reason":"","_uag_custom_page_level_css":"","footnotes":""},"categories":[94],"tags":[],"class_list":["post-5819","post","type-post","status-publish","format-standard","has-post-thumbnail","hentry","category-comhairliuchain"],"acf":[],"yoast_head":"<!-- This site is optimized with the Yoast SEO plugin v27.5 - https:\/\/yoast.com\/product\/yoast-seo-wordpress\/ -->\n<title>Comhairli\u00fach\u00e1n poibl\u00ed, maidir len\u00e1r nDr\u00e9achtr\u00e1iteas Strait\u00e9ise, ar oscailt - Coimisi\u00fan na Me\u00e1n<\/title>\n<meta name=\"robots\" content=\"index, follow, max-snippet:-1, max-image-preview:large, max-video-preview:-1\" \/>\n<link rel=\"canonical\" href=\"https:\/\/www.cnam.ie\/ga\/ta-comhairliuchan-poibli-maidir-leis-an-dreachtraiteas-straiteise-seolta-ag-coimisiun-na-mean\/\" \/>\n<meta property=\"og:locale\" content=\"ga_IE\" \/>\n<meta property=\"og:type\" content=\"article\" \/>\n<meta property=\"og:title\" content=\"Comhairli\u00fach\u00e1n poibl\u00ed, maidir len\u00e1r nDr\u00e9achtr\u00e1iteas Strait\u00e9ise, ar oscailt - Coimisi\u00fan na Me\u00e1n\" \/>\n<meta property=\"og:description\" content=\"Sheol Coimisi\u00fan na Me\u00e1n comhairli\u00fach\u00e1n poibl\u00ed inniu (06 Samhain 2024) maidir lena ch\u00e9ad R\u00e1iteas Strait\u00e9ise. Leagtar amach sa Dr\u00e9achtstrait\u00e9is f\u00eds, misean agus tortha\u00ed strait\u00e9iseacha Choimisi\u00fan na Me\u00e1n, chomh maith le huirlis\u00ed seachadta agus \u00e1isitheoir\u00ed strait\u00e9iseacha. For\u00e1iltear le halt 29 (1) den Acht um Rial\u00e1il S\u00e1bh\u00e1ilteachta ar L\u00edne agus Me\u00e1n, 2022 (Acht OSMR, 2022), go n-ullmh\u00f3idh [&hellip;]\" \/>\n<meta property=\"og:url\" content=\"https:\/\/www.cnam.ie\/ga\/ta-comhairliuchan-poibli-maidir-leis-an-dreachtraiteas-straiteise-seolta-ag-coimisiun-na-mean\/\" \/>\n<meta property=\"og:site_name\" content=\"Coimisi\u00fan na Me\u00e1n\" \/>\n<meta property=\"article:publisher\" content=\"https:\/\/www.facebook.com\/CNaM.Ireland\/\" \/>\n<meta property=\"article:published_time\" content=\"2024-11-06T14:51:17+00:00\" \/>\n<meta property=\"article:modified_time\" content=\"2025-01-15T12:49:20+00:00\" \/>\n<meta property=\"og:image\" content=\"https:\/\/www.cnam.ie\/app\/uploads\/2024\/11\/corporate-strategy-header-2.png\" \/>\n\t<meta property=\"og:image:width\" content=\"1200\" \/>\n\t<meta property=\"og:image:height\" content=\"800\" \/>\n\t<meta property=\"og:image:type\" content=\"image\/png\" \/>\n<meta name=\"author\" content=\"Aoife Molloy\" \/>\n<meta name=\"twitter:card\" content=\"summary_large_image\" \/>\n<meta name=\"twitter:creator\" content=\"@CNaM_ie\" \/>\n<meta name=\"twitter:site\" content=\"@CNaM_ie\" \/>\n<meta name=\"twitter:label1\" content=\"Written by\" \/>\n\t<meta name=\"twitter:data1\" content=\"Aoife Molloy\" \/>\n\t<meta name=\"twitter:label2\" content=\"Est. reading time\" \/>\n\t<meta name=\"twitter:data2\" content=\"1 minute\" \/>\n<script type=\"application\/ld+json\" class=\"yoast-schema-graph\">{\"@context\":\"https:\\\/\\\/schema.org\",\"@graph\":[{\"@type\":\"Article\",\"@id\":\"https:\\\/\\\/www.cnam.ie\\\/ga\\\/ta-comhairliuchan-poibli-maidir-leis-an-dreachtraiteas-straiteise-seolta-ag-coimisiun-na-mean\\\/#article\",\"isPartOf\":{\"@id\":\"https:\\\/\\\/www.cnam.ie\\\/ga\\\/ta-comhairliuchan-poibli-maidir-leis-an-dreachtraiteas-straiteise-seolta-ag-coimisiun-na-mean\\\/\"},\"author\":{\"name\":\"Aoife Molloy\",\"@id\":\"https:\\\/\\\/www.cnam.ie\\\/ga\\\/#\\\/schema\\\/person\\\/8974bf757c51d032bf660451d032eae5\"},\"headline\":\"Comhairli\u00fach\u00e1n poibl\u00ed, maidir len\u00e1r nDr\u00e9achtr\u00e1iteas Strait\u00e9ise, ar oscailt\",\"datePublished\":\"2024-11-06T14:51:17+00:00\",\"dateModified\":\"2025-01-15T12:49:20+00:00\",\"mainEntityOfPage\":{\"@id\":\"https:\\\/\\\/www.cnam.ie\\\/ga\\\/ta-comhairliuchan-poibli-maidir-leis-an-dreachtraiteas-straiteise-seolta-ag-coimisiun-na-mean\\\/\"},\"wordCount\":151,\"publisher\":{\"@id\":\"https:\\\/\\\/www.cnam.ie\\\/ga\\\/#organization\"},\"image\":{\"@id\":\"https:\\\/\\\/www.cnam.ie\\\/ga\\\/ta-comhairliuchan-poibli-maidir-leis-an-dreachtraiteas-straiteise-seolta-ag-coimisiun-na-mean\\\/#primaryimage\"},\"thumbnailUrl\":\"https:\\\/\\\/www.cnam.ie\\\/app\\\/uploads\\\/2024\\\/11\\\/corporate-strategy-header-2.png\",\"articleSection\":[\"Comhairli\u00fach\u00e1in\"],\"inLanguage\":\"ga-IE\"},{\"@type\":\"WebPage\",\"@id\":\"https:\\\/\\\/www.cnam.ie\\\/ga\\\/ta-comhairliuchan-poibli-maidir-leis-an-dreachtraiteas-straiteise-seolta-ag-coimisiun-na-mean\\\/\",\"url\":\"https:\\\/\\\/www.cnam.ie\\\/ga\\\/ta-comhairliuchan-poibli-maidir-leis-an-dreachtraiteas-straiteise-seolta-ag-coimisiun-na-mean\\\/\",\"name\":\"Comhairli\u00fach\u00e1n poibl\u00ed, maidir len\u00e1r nDr\u00e9achtr\u00e1iteas Strait\u00e9ise, ar oscailt - Coimisi\u00fan na Me\u00e1n\",\"isPartOf\":{\"@id\":\"https:\\\/\\\/www.cnam.ie\\\/ga\\\/#website\"},\"primaryImageOfPage\":{\"@id\":\"https:\\\/\\\/www.cnam.ie\\\/ga\\\/ta-comhairliuchan-poibli-maidir-leis-an-dreachtraiteas-straiteise-seolta-ag-coimisiun-na-mean\\\/#primaryimage\"},\"image\":{\"@id\":\"https:\\\/\\\/www.cnam.ie\\\/ga\\\/ta-comhairliuchan-poibli-maidir-leis-an-dreachtraiteas-straiteise-seolta-ag-coimisiun-na-mean\\\/#primaryimage\"},\"thumbnailUrl\":\"https:\\\/\\\/www.cnam.ie\\\/app\\\/uploads\\\/2024\\\/11\\\/corporate-strategy-header-2.png\",\"datePublished\":\"2024-11-06T14:51:17+00:00\",\"dateModified\":\"2025-01-15T12:49:20+00:00\",\"breadcrumb\":{\"@id\":\"https:\\\/\\\/www.cnam.ie\\\/ga\\\/ta-comhairliuchan-poibli-maidir-leis-an-dreachtraiteas-straiteise-seolta-ag-coimisiun-na-mean\\\/#breadcrumb\"},\"inLanguage\":\"ga-IE\",\"potentialAction\":[{\"@type\":\"ReadAction\",\"target\":[\"https:\\\/\\\/www.cnam.ie\\\/ga\\\/ta-comhairliuchan-poibli-maidir-leis-an-dreachtraiteas-straiteise-seolta-ag-coimisiun-na-mean\\\/\"]}]},{\"@type\":\"ImageObject\",\"inLanguage\":\"ga-IE\",\"@id\":\"https:\\\/\\\/www.cnam.ie\\\/ga\\\/ta-comhairliuchan-poibli-maidir-leis-an-dreachtraiteas-straiteise-seolta-ag-coimisiun-na-mean\\\/#primaryimage\",\"url\":\"https:\\\/\\\/www.cnam.ie\\\/app\\\/uploads\\\/2024\\\/11\\\/corporate-strategy-header-2.png\",\"contentUrl\":\"https:\\\/\\\/www.cnam.ie\\\/app\\\/uploads\\\/2024\\\/11\\\/corporate-strategy-header-2.png\",\"width\":1200,\"height\":800,\"caption\":\"Public consultation on our draft Strategy Statement now open\"},{\"@type\":\"BreadcrumbList\",\"@id\":\"https:\\\/\\\/www.cnam.ie\\\/ga\\\/ta-comhairliuchan-poibli-maidir-leis-an-dreachtraiteas-straiteise-seolta-ag-coimisiun-na-mean\\\/#breadcrumb\",\"itemListElement\":[{\"@type\":\"ListItem\",\"position\":1,\"name\":\"Home\",\"item\":\"https:\\\/\\\/www.cnam.ie\\\/ga\\\/\"},{\"@type\":\"ListItem\",\"position\":2,\"name\":\"Comhairli\u00fach\u00e1n poibl\u00ed, maidir len\u00e1r nDr\u00e9achtr\u00e1iteas Strait\u00e9ise, ar oscailt\"}]},{\"@type\":\"WebSite\",\"@id\":\"https:\\\/\\\/www.cnam.ie\\\/ga\\\/#website\",\"url\":\"https:\\\/\\\/www.cnam.ie\\\/ga\\\/\",\"name\":\"Coimisiun na Mean\",\"description\":\"Coimisi\u00fan na Me\u00e1n\",\"publisher\":{\"@id\":\"https:\\\/\\\/www.cnam.ie\\\/ga\\\/#organization\"},\"potentialAction\":[{\"@type\":\"SearchAction\",\"target\":{\"@type\":\"EntryPoint\",\"urlTemplate\":\"https:\\\/\\\/www.cnam.ie\\\/ga\\\/?s={search_term_string}\"},\"query-input\":{\"@type\":\"PropertyValueSpecification\",\"valueRequired\":true,\"valueName\":\"search_term_string\"}}],\"inLanguage\":\"ga-IE\"},{\"@type\":\"Organization\",\"@id\":\"https:\\\/\\\/www.cnam.ie\\\/ga\\\/#organization\",\"name\":\"Coimisiun na Mean\",\"url\":\"https:\\\/\\\/www.cnam.ie\\\/ga\\\/\",\"logo\":{\"@type\":\"ImageObject\",\"inLanguage\":\"ga-IE\",\"@id\":\"https:\\\/\\\/www.cnam.ie\\\/ga\\\/#\\\/schema\\\/logo\\\/image\\\/\",\"url\":\"https:\\\/\\\/www.cnam.ie\\\/app\\\/uploads\\\/2024\\\/12\\\/Website-image-with-logo.jpg\",\"contentUrl\":\"https:\\\/\\\/www.cnam.ie\\\/app\\\/uploads\\\/2024\\\/12\\\/Website-image-with-logo.jpg\",\"width\":1200,\"height\":800,\"caption\":\"Coimisiun na Mean\"},\"image\":{\"@id\":\"https:\\\/\\\/www.cnam.ie\\\/ga\\\/#\\\/schema\\\/logo\\\/image\\\/\"},\"sameAs\":[\"https:\\\/\\\/www.facebook.com\\\/CNaM.Ireland\\\/\",\"https:\\\/\\\/x.com\\\/CNaM_ie\"]},{\"@type\":\"Person\",\"@id\":\"https:\\\/\\\/www.cnam.ie\\\/ga\\\/#\\\/schema\\\/person\\\/8974bf757c51d032bf660451d032eae5\",\"name\":\"Aoife Molloy\",\"image\":{\"@type\":\"ImageObject\",\"inLanguage\":\"ga-IE\",\"@id\":\"https:\\\/\\\/secure.gravatar.com\\\/avatar\\\/585e65111c1e50229c5996413cc54596887c14640926cb1a8eff3d82620fe2de?s=96&d=mm&r=g\",\"url\":\"https:\\\/\\\/secure.gravatar.com\\\/avatar\\\/585e65111c1e50229c5996413cc54596887c14640926cb1a8eff3d82620fe2de?s=96&d=mm&r=g\",\"contentUrl\":\"https:\\\/\\\/secure.gravatar.com\\\/avatar\\\/585e65111c1e50229c5996413cc54596887c14640926cb1a8eff3d82620fe2de?s=96&d=mm&r=g\",\"caption\":\"Aoife Molloy\"}}]}<\/script>\n<!-- \/ Yoast SEO plugin. -->","yoast_head_json":{"title":"Comhairli\u00fach\u00e1n poibl\u00ed, maidir len\u00e1r nDr\u00e9achtr\u00e1iteas Strait\u00e9ise, ar oscailt - Coimisi\u00fan na Me\u00e1n","robots":{"index":"index","follow":"follow","max-snippet":"max-snippet:-1","max-image-preview":"max-image-preview:large","max-video-preview":"max-video-preview:-1"},"canonical":"https:\/\/www.cnam.ie\/ga\/ta-comhairliuchan-poibli-maidir-leis-an-dreachtraiteas-straiteise-seolta-ag-coimisiun-na-mean\/","og_locale":"ga_IE","og_type":"article","og_title":"Comhairli\u00fach\u00e1n poibl\u00ed, maidir len\u00e1r nDr\u00e9achtr\u00e1iteas Strait\u00e9ise, ar oscailt - Coimisi\u00fan na Me\u00e1n","og_description":"Sheol Coimisi\u00fan na Me\u00e1n comhairli\u00fach\u00e1n poibl\u00ed inniu (06 Samhain 2024) maidir lena ch\u00e9ad R\u00e1iteas Strait\u00e9ise. Leagtar amach sa Dr\u00e9achtstrait\u00e9is f\u00eds, misean agus tortha\u00ed strait\u00e9iseacha Choimisi\u00fan na Me\u00e1n, chomh maith le huirlis\u00ed seachadta agus \u00e1isitheoir\u00ed strait\u00e9iseacha. For\u00e1iltear le halt 29 (1) den Acht um Rial\u00e1il S\u00e1bh\u00e1ilteachta ar L\u00edne agus Me\u00e1n, 2022 (Acht OSMR, 2022), go n-ullmh\u00f3idh [&hellip;]","og_url":"https:\/\/www.cnam.ie\/ga\/ta-comhairliuchan-poibli-maidir-leis-an-dreachtraiteas-straiteise-seolta-ag-coimisiun-na-mean\/","og_site_name":"Coimisi\u00fan na Me\u00e1n","article_publisher":"https:\/\/www.facebook.com\/CNaM.Ireland\/","article_published_time":"2024-11-06T14:51:17+00:00","article_modified_time":"2025-01-15T12:49:20+00:00","og_image":[{"width":1200,"height":800,"url":"https:\/\/www.cnam.ie\/app\/uploads\/2024\/11\/corporate-strategy-header-2.png","type":"image\/png"}],"author":"Aoife Molloy","twitter_card":"summary_large_image","twitter_creator":"@CNaM_ie","twitter_site":"@CNaM_ie","twitter_misc":{"Written by":"Aoife Molloy","Est. reading time":"1 minute"},"schema":{"@context":"https:\/\/schema.org","@graph":[{"@type":"Article","@id":"https:\/\/www.cnam.ie\/ga\/ta-comhairliuchan-poibli-maidir-leis-an-dreachtraiteas-straiteise-seolta-ag-coimisiun-na-mean\/#article","isPartOf":{"@id":"https:\/\/www.cnam.ie\/ga\/ta-comhairliuchan-poibli-maidir-leis-an-dreachtraiteas-straiteise-seolta-ag-coimisiun-na-mean\/"},"author":{"name":"Aoife Molloy","@id":"https:\/\/www.cnam.ie\/ga\/#\/schema\/person\/8974bf757c51d032bf660451d032eae5"},"headline":"Comhairli\u00fach\u00e1n poibl\u00ed, maidir len\u00e1r nDr\u00e9achtr\u00e1iteas Strait\u00e9ise, ar oscailt","datePublished":"2024-11-06T14:51:17+00:00","dateModified":"2025-01-15T12:49:20+00:00","mainEntityOfPage":{"@id":"https:\/\/www.cnam.ie\/ga\/ta-comhairliuchan-poibli-maidir-leis-an-dreachtraiteas-straiteise-seolta-ag-coimisiun-na-mean\/"},"wordCount":151,"publisher":{"@id":"https:\/\/www.cnam.ie\/ga\/#organization"},"image":{"@id":"https:\/\/www.cnam.ie\/ga\/ta-comhairliuchan-poibli-maidir-leis-an-dreachtraiteas-straiteise-seolta-ag-coimisiun-na-mean\/#primaryimage"},"thumbnailUrl":"https:\/\/www.cnam.ie\/app\/uploads\/2024\/11\/corporate-strategy-header-2.png","articleSection":["Comhairli\u00fach\u00e1in"],"inLanguage":"ga-IE"},{"@type":"WebPage","@id":"https:\/\/www.cnam.ie\/ga\/ta-comhairliuchan-poibli-maidir-leis-an-dreachtraiteas-straiteise-seolta-ag-coimisiun-na-mean\/","url":"https:\/\/www.cnam.ie\/ga\/ta-comhairliuchan-poibli-maidir-leis-an-dreachtraiteas-straiteise-seolta-ag-coimisiun-na-mean\/","name":"Comhairli\u00fach\u00e1n poibl\u00ed, maidir len\u00e1r nDr\u00e9achtr\u00e1iteas Strait\u00e9ise, ar oscailt - Coimisi\u00fan na Me\u00e1n","isPartOf":{"@id":"https:\/\/www.cnam.ie\/ga\/#website"},"primaryImageOfPage":{"@id":"https:\/\/www.cnam.ie\/ga\/ta-comhairliuchan-poibli-maidir-leis-an-dreachtraiteas-straiteise-seolta-ag-coimisiun-na-mean\/#primaryimage"},"image":{"@id":"https:\/\/www.cnam.ie\/ga\/ta-comhairliuchan-poibli-maidir-leis-an-dreachtraiteas-straiteise-seolta-ag-coimisiun-na-mean\/#primaryimage"},"thumbnailUrl":"https:\/\/www.cnam.ie\/app\/uploads\/2024\/11\/corporate-strategy-header-2.png","datePublished":"2024-11-06T14:51:17+00:00","dateModified":"2025-01-15T12:49:20+00:00","breadcrumb":{"@id":"https:\/\/www.cnam.ie\/ga\/ta-comhairliuchan-poibli-maidir-leis-an-dreachtraiteas-straiteise-seolta-ag-coimisiun-na-mean\/#breadcrumb"},"inLanguage":"ga-IE","potentialAction":[{"@type":"ReadAction","target":["https:\/\/www.cnam.ie\/ga\/ta-comhairliuchan-poibli-maidir-leis-an-dreachtraiteas-straiteise-seolta-ag-coimisiun-na-mean\/"]}]},{"@type":"ImageObject","inLanguage":"ga-IE","@id":"https:\/\/www.cnam.ie\/ga\/ta-comhairliuchan-poibli-maidir-leis-an-dreachtraiteas-straiteise-seolta-ag-coimisiun-na-mean\/#primaryimage","url":"https:\/\/www.cnam.ie\/app\/uploads\/2024\/11\/corporate-strategy-header-2.png","contentUrl":"https:\/\/www.cnam.ie\/app\/uploads\/2024\/11\/corporate-strategy-header-2.png","width":1200,"height":800,"caption":"Public consultation on our draft Strategy Statement now open"},{"@type":"BreadcrumbList","@id":"https:\/\/www.cnam.ie\/ga\/ta-comhairliuchan-poibli-maidir-leis-an-dreachtraiteas-straiteise-seolta-ag-coimisiun-na-mean\/#breadcrumb","itemListElement":[{"@type":"ListItem","position":1,"name":"Home","item":"https:\/\/www.cnam.ie\/ga\/"},{"@type":"ListItem","position":2,"name":"Comhairli\u00fach\u00e1n poibl\u00ed, maidir len\u00e1r nDr\u00e9achtr\u00e1iteas Strait\u00e9ise, ar oscailt"}]},{"@type":"WebSite","@id":"https:\/\/www.cnam.ie\/ga\/#website","url":"https:\/\/www.cnam.ie\/ga\/","name":"Coimisiun na Mean","description":"Coimisi\u00fan na Me\u00e1n","publisher":{"@id":"https:\/\/www.cnam.ie\/ga\/#organization"},"potentialAction":[{"@type":"SearchAction","target":{"@type":"EntryPoint","urlTemplate":"https:\/\/www.cnam.ie\/ga\/?s={search_term_string}"},"query-input":{"@type":"PropertyValueSpecification","valueRequired":true,"valueName":"search_term_string"}}],"inLanguage":"ga-IE"},{"@type":"Organization","@id":"https:\/\/www.cnam.ie\/ga\/#organization","name":"Coimisiun na Mean","url":"https:\/\/www.cnam.ie\/ga\/","logo":{"@type":"ImageObject","inLanguage":"ga-IE","@id":"https:\/\/www.cnam.ie\/ga\/#\/schema\/logo\/image\/","url":"https:\/\/www.cnam.ie\/app\/uploads\/2024\/12\/Website-image-with-logo.jpg","contentUrl":"https:\/\/www.cnam.ie\/app\/uploads\/2024\/12\/Website-image-with-logo.jpg","width":1200,"height":800,"caption":"Coimisiun na Mean"},"image":{"@id":"https:\/\/www.cnam.ie\/ga\/#\/schema\/logo\/image\/"},"sameAs":["https:\/\/www.facebook.com\/CNaM.Ireland\/","https:\/\/x.com\/CNaM_ie"]},{"@type":"Person","@id":"https:\/\/www.cnam.ie\/ga\/#\/schema\/person\/8974bf757c51d032bf660451d032eae5","name":"Aoife Molloy","image":{"@type":"ImageObject","inLanguage":"ga-IE","@id":"https:\/\/secure.gravatar.com\/avatar\/585e65111c1e50229c5996413cc54596887c14640926cb1a8eff3d82620fe2de?s=96&d=mm&r=g","url":"https:\/\/secure.gravatar.com\/avatar\/585e65111c1e50229c5996413cc54596887c14640926cb1a8eff3d82620fe2de?s=96&d=mm&r=g","contentUrl":"https:\/\/secure.gravatar.com\/avatar\/585e65111c1e50229c5996413cc54596887c14640926cb1a8eff3d82620fe2de?s=96&d=mm&r=g","caption":"Aoife Molloy"}}]}},"spectra_custom_meta":{"_wpml_word_count":["{\"total\":119,\"to_translate\":{\"ga\":119}}","{\"total\":0,\"to_translate\":{\"en\":106,\"ga\":106}}"],"_edit_last":["9","9"],"_wpml_media_duplicate":["1","1"],"_wpml_media_featured":["1","1"],"_last_translation_edit_mode":["native-editor","native-editor"],"_yoast_wpseo_content_score":["90","90"],"_yoast_wpseo_estimated-reading-time-minutes":["1","1"],"_thumbnail_id":["5834","5834"],"_encloseme":["1"],"_edit_lock":["1736945361:9"],"_relevanssi_related_posts":["7644,4151,4441,7614,4544,4899"],"_wpml_location_migration_done":["1"],"_yoast_wpseo_primary_category":["94"],"_uag_css_file_name":["uag-css-5819.css"],"_uag_js_file_name":["uag-js-5819.js"]},"uagb_featured_image_src":{"full":["https:\/\/www.cnam.ie\/app\/uploads\/2024\/11\/corporate-strategy-header-2.png",1200,800,false],"thumbnail":["https:\/\/www.cnam.ie\/app\/uploads\/2024\/11\/corporate-strategy-header-2-150x150.png",150,150,true],"medium":["https:\/\/www.cnam.ie\/app\/uploads\/2024\/11\/corporate-strategy-header-2-300x200.png",300,200,true],"medium_large":["https:\/\/www.cnam.ie\/app\/uploads\/2024\/11\/corporate-strategy-header-2-768x512.png",640,427,true],"large":["https:\/\/www.cnam.ie\/app\/uploads\/2024\/11\/corporate-strategy-header-2-1024x683.png",640,427,true],"1536x1536":["https:\/\/www.cnam.ie\/app\/uploads\/2024\/11\/corporate-strategy-header-2.png",1200,800,false],"2048x2048":["https:\/\/www.cnam.ie\/app\/uploads\/2024\/11\/corporate-strategy-header-2.png",1200,800,false],"gform-image-choice-sm":["https:\/\/www.cnam.ie\/app\/uploads\/2024\/11\/corporate-strategy-header-2.png",300,200,false],"gform-image-choice-md":["https:\/\/www.cnam.ie\/app\/uploads\/2024\/11\/corporate-strategy-header-2.png",400,267,false],"gform-image-choice-lg":["https:\/\/www.cnam.ie\/app\/uploads\/2024\/11\/corporate-strategy-header-2.png",600,400,false]},"uagb_author_info":{"display_name":"Aoife Molloy","author_link":"https:\/\/www.cnam.ie\/ga\/author\/aoifemolloy\/"},"uagb_comment_info":0,"uagb_excerpt":"Sheol Coimisi\u00fan na Me\u00e1n comhairli\u00fach\u00e1n poibl\u00ed inniu (06 Samhain 2024) maidir lena ch\u00e9ad R\u00e1iteas Strait\u00e9ise. Leagtar amach sa Dr\u00e9achtstrait\u00e9is f\u00eds, misean agus tortha\u00ed strait\u00e9iseacha Choimisi\u00fan na Me\u00e1n, chomh maith le huirlis\u00ed seachadta agus \u00e1isitheoir\u00ed strait\u00e9iseacha. For\u00e1iltear le halt 29 (1) den Acht um Rial\u00e1il S\u00e1bh\u00e1ilteachta ar L\u00edne agus Me\u00e1n, 2022 (Acht OSMR, 2022), go n-ullmh\u00f3idh&hellip;","_links":{"self":[{"href":"https:\/\/www.cnam.ie\/ga\/wp-json\/wp\/v2\/posts\/5819","targetHints":{"allow":["GET"]}}],"collection":[{"href":"https:\/\/www.cnam.ie\/ga\/wp-json\/wp\/v2\/posts"}],"about":[{"href":"https:\/\/www.cnam.ie\/ga\/wp-json\/wp\/v2\/types\/post"}],"author":[{"embeddable":true,"href":"https:\/\/www.cnam.ie\/ga\/wp-json\/wp\/v2\/users\/12"}],"replies":[{"embeddable":true,"href":"https:\/\/www.cnam.ie\/ga\/wp-json\/wp\/v2\/comments?post=5819"}],"version-history":[{"count":2,"href":"https:\/\/www.cnam.ie\/ga\/wp-json\/wp\/v2\/posts\/5819\/revisions"}],"predecessor-version":[{"id":12508,"href":"https:\/\/www.cnam.ie\/ga\/wp-json\/wp\/v2\/posts\/5819\/revisions\/12508"}],"wp:featuredmedia":[{"embeddable":true,"href":"https:\/\/www.cnam.ie\/ga\/wp-json\/wp\/v2\/media\/5834"}],"wp:attachment":[{"href":"https:\/\/www.cnam.ie\/ga\/wp-json\/wp\/v2\/media?parent=5819"}],"wp:term":[{"taxonomy":"category","embeddable":true,"href":"https:\/\/www.cnam.ie\/ga\/wp-json\/wp\/v2\/categories?post=5819"},{"taxonomy":"post_tag","embeddable":true,"href":"https:\/\/www.cnam.ie\/ga\/wp-json\/wp\/v2\/tags?post=5819"}],"curies":[{"name":"wp","href":"https:\/\/api.w.org\/{rel}","templated":true}]}}