{"id":7617,"date":"2023-07-25T09:38:47","date_gmt":"2023-07-25T08:38:47","guid":{"rendered":"https:\/\/www.cnam.ie\/?p=1186"},"modified":"2025-01-22T15:02:23","modified_gmt":"2025-01-22T15:02:23","slug":"nuashonru-nuachta-comhairliuchan-ar-sheirbhisi-ardain-comhroinnte-fiseain-a-ainmniu-mar-chatagoir","status":"publish","type":"post","link":"https:\/\/www.cnam.ie\/ga\/nuashonru-nuachta-comhairliuchan-ar-sheirbhisi-ardain-comhroinnte-fiseain-a-ainmniu-mar-chatagoir\/","title":{"rendered":"Nuashonr\u00fa Nuachta: Comhairli\u00fach\u00e1n ar Sheirbh\u00eds\u00ed Ard\u00e1in Comhroinnte F\u00edse\u00e1in a ainmni\u00fa mar Chatag\u00f3ir"},"content":{"rendered":"\n<p><strong>Meabhr\u00fach\u00e1n<\/strong> &#8211; D\u00fanfar an Comhairli\u00fach\u00e1n ar an ainmni\u00fa at\u00e1 beartaithe do sheirbh\u00eds\u00ed ard\u00e1in comhroinnte f\u00edse\u00e1in mar chatag\u00f3ir de sheirbh\u00eds\u00ed \u00e1bhartha ar l\u00edne, <strong>D\u00e9 C\u00e9adaoin an 26 I\u00fail ag 12 me\u00e1n lae.<\/strong><\/p>\n\n\n\n<p>Is f\u00e9idir <a href=\"https:\/\/www.cnam.ie\/app\/uploads\/2023\/06\/VSPSCategory_ConsultationDoc_June-2023-.pdf\">tuilleadh sonra\u00ed<\/a> (B\u00e9arla) a fh\u00e1il anseo, agus t\u00e1 na<a href=\"https:\/\/www.cnam.ie\/app\/uploads\/2023\/06\/Consultation-Guidelines-June-2023_GA-1.pdf\"> treoirl\u00ednte comhairli\u00fach\u00e1in<\/a> ar f\u00e1il anseo.<\/p>\n\n\n\n<p>Is f\u00e9idir freagra\u00ed a sheoladh chuig: <a href=\"mailto:VSPSdesignation@cnam.ie\">VSPSdesignation@cnam.ie<\/a><\/p>\n\n\n\n<p><strong>CR\u00cdOCH<\/strong><\/p>\n","protected":false},"excerpt":{"rendered":"<p>Meabhr\u00fach\u00e1n &#8211; D\u00fanfar an Comhairli\u00fach\u00e1n ar an ainmni\u00fa at\u00e1 beartaithe do sheirbh\u00eds\u00ed ard\u00e1in comhroinnte f\u00edse\u00e1in mar chatag\u00f3ir de sheirbh\u00eds\u00ed \u00e1bhartha ar l\u00edne, D\u00e9 C\u00e9adaoin an 26 I\u00fail ag 12 me\u00e1n lae. Is f\u00e9idir tuilleadh sonra\u00ed (B\u00e9arla) a fh\u00e1il anseo, agus t\u00e1 na treoirl\u00ednte comhairli\u00fach\u00e1in ar f\u00e1il anseo. Is f\u00e9idir freagra\u00ed a sheoladh chuig: VSPSdesignation@cnam.ie CR\u00cdOCH<\/p>\n","protected":false},"author":14,"featured_media":6605,"comment_status":"closed","ping_status":"closed","sticky":false,"template":"","format":"standard","meta":{"_acf_changed":false,"_relevanssi_hide_post":"","_relevanssi_hide_content":"","_relevanssi_pin_for_all":"","_relevanssi_pin_keywords":"","_relevanssi_unpin_keywords":"","_relevanssi_related_keywords":"","_relevanssi_related_include_ids":"","_relevanssi_related_exclude_ids":"","_relevanssi_related_no_append":"","_relevanssi_related_not_related":"","_relevanssi_related_posts":"7610,806,7605,7609,858,7614","_relevanssi_noindex_reason":"","_uag_custom_page_level_css":"","footnotes":""},"categories":[99],"tags":[],"class_list":["post-7617","post","type-post","status-publish","format-standard","has-post-thumbnail","hentry","category-sabhailteacht-ar-line"],"acf":[],"yoast_head":"<!-- This site is optimized with the Yoast SEO plugin v27.5 - https:\/\/yoast.com\/product\/yoast-seo-wordpress\/ -->\n<title>Nuashonr\u00fa Nuachta: Comhairli\u00fach\u00e1n ar Sheirbh\u00eds\u00ed Ard\u00e1in Comhroinnte F\u00edse\u00e1in a ainmni\u00fa mar Chatag\u00f3ir - Coimisi\u00fan na Me\u00e1n<\/title>\n<meta name=\"robots\" content=\"index, follow, max-snippet:-1, max-image-preview:large, max-video-preview:-1\" \/>\n<link rel=\"canonical\" href=\"https:\/\/www.cnam.ie\/ga\/nuashonru-nuachta-comhairliuchan-ar-sheirbhisi-ardain-comhroinnte-fiseain-a-ainmniu-mar-chatagoir\/\" \/>\n<meta property=\"og:locale\" content=\"ga_IE\" \/>\n<meta property=\"og:type\" content=\"article\" \/>\n<meta property=\"og:title\" content=\"Nuashonr\u00fa Nuachta: Comhairli\u00fach\u00e1n ar Sheirbh\u00eds\u00ed Ard\u00e1in Comhroinnte F\u00edse\u00e1in a ainmni\u00fa mar Chatag\u00f3ir - Coimisi\u00fan na Me\u00e1n\" \/>\n<meta property=\"og:description\" content=\"Meabhr\u00fach\u00e1n &#8211; D\u00fanfar an Comhairli\u00fach\u00e1n ar an ainmni\u00fa at\u00e1 beartaithe do sheirbh\u00eds\u00ed ard\u00e1in comhroinnte f\u00edse\u00e1in mar chatag\u00f3ir de sheirbh\u00eds\u00ed \u00e1bhartha ar l\u00edne, D\u00e9 C\u00e9adaoin an 26 I\u00fail ag 12 me\u00e1n lae. Is f\u00e9idir tuilleadh sonra\u00ed (B\u00e9arla) a fh\u00e1il anseo, agus t\u00e1 na treoirl\u00ednte comhairli\u00fach\u00e1in ar f\u00e1il anseo. Is f\u00e9idir freagra\u00ed a sheoladh chuig: VSPSdesignation@cnam.ie CR\u00cdOCH\" \/>\n<meta property=\"og:url\" content=\"https:\/\/www.cnam.ie\/ga\/nuashonru-nuachta-comhairliuchan-ar-sheirbhisi-ardain-comhroinnte-fiseain-a-ainmniu-mar-chatagoir\/\" \/>\n<meta property=\"og:site_name\" content=\"Coimisi\u00fan na Me\u00e1n\" \/>\n<meta property=\"article:publisher\" content=\"https:\/\/www.facebook.com\/CNaM.Ireland\/\" \/>\n<meta property=\"article:published_time\" content=\"2023-07-25T08:38:47+00:00\" \/>\n<meta property=\"article:modified_time\" content=\"2025-01-22T15:02:23+00:00\" \/>\n<meta property=\"og:image\" content=\"https:\/\/www.cnam.ie\/app\/uploads\/2023\/04\/MicrosoftTeams-image-1.jpg\" \/>\n\t<meta property=\"og:image:width\" content=\"1003\" \/>\n\t<meta property=\"og:image:height\" content=\"1003\" \/>\n\t<meta property=\"og:image:type\" content=\"image\/jpeg\" \/>\n<meta name=\"author\" content=\"jcaulfield\" \/>\n<meta name=\"twitter:card\" content=\"summary_large_image\" \/>\n<meta name=\"twitter:creator\" content=\"@CNaM_ie\" \/>\n<meta name=\"twitter:site\" content=\"@CNaM_ie\" \/>\n<meta name=\"twitter:label1\" content=\"Written by\" \/>\n\t<meta name=\"twitter:data1\" content=\"jcaulfield\" \/>\n\t<meta name=\"twitter:label2\" content=\"Est. reading time\" \/>\n\t<meta name=\"twitter:data2\" content=\"1 minute\" \/>\n<script type=\"application\/ld+json\" class=\"yoast-schema-graph\">{\"@context\":\"https:\\\/\\\/schema.org\",\"@graph\":[{\"@type\":\"Article\",\"@id\":\"https:\\\/\\\/www.cnam.ie\\\/ga\\\/nuashonru-nuachta-comhairliuchan-ar-sheirbhisi-ardain-comhroinnte-fiseain-a-ainmniu-mar-chatagoir\\\/#article\",\"isPartOf\":{\"@id\":\"https:\\\/\\\/www.cnam.ie\\\/ga\\\/nuashonru-nuachta-comhairliuchan-ar-sheirbhisi-ardain-comhroinnte-fiseain-a-ainmniu-mar-chatagoir\\\/\"},\"author\":{\"name\":\"jcaulfield\",\"@id\":\"https:\\\/\\\/www.cnam.ie\\\/ga\\\/#\\\/schema\\\/person\\\/27e1cdc186c81a9f141ec27853ade284\"},\"headline\":\"Nuashonr\u00fa Nuachta: Comhairli\u00fach\u00e1n ar Sheirbh\u00eds\u00ed Ard\u00e1in Comhroinnte F\u00edse\u00e1in a ainmni\u00fa mar Chatag\u00f3ir\",\"datePublished\":\"2023-07-25T08:38:47+00:00\",\"dateModified\":\"2025-01-22T15:02:23+00:00\",\"mainEntityOfPage\":{\"@id\":\"https:\\\/\\\/www.cnam.ie\\\/ga\\\/nuashonru-nuachta-comhairliuchan-ar-sheirbhisi-ardain-comhroinnte-fiseain-a-ainmniu-mar-chatagoir\\\/\"},\"wordCount\":98,\"publisher\":{\"@id\":\"https:\\\/\\\/www.cnam.ie\\\/ga\\\/#organization\"},\"image\":{\"@id\":\"https:\\\/\\\/www.cnam.ie\\\/ga\\\/nuashonru-nuachta-comhairliuchan-ar-sheirbhisi-ardain-comhroinnte-fiseain-a-ainmniu-mar-chatagoir\\\/#primaryimage\"},\"thumbnailUrl\":\"https:\\\/\\\/www.cnam.ie\\\/app\\\/uploads\\\/2023\\\/04\\\/MicrosoftTeams-image-1.jpg\",\"articleSection\":[\"S\u00e1bh\u00e1ilteacht ar l\u00edne\"],\"inLanguage\":\"ga-IE\"},{\"@type\":\"WebPage\",\"@id\":\"https:\\\/\\\/www.cnam.ie\\\/ga\\\/nuashonru-nuachta-comhairliuchan-ar-sheirbhisi-ardain-comhroinnte-fiseain-a-ainmniu-mar-chatagoir\\\/\",\"url\":\"https:\\\/\\\/www.cnam.ie\\\/ga\\\/nuashonru-nuachta-comhairliuchan-ar-sheirbhisi-ardain-comhroinnte-fiseain-a-ainmniu-mar-chatagoir\\\/\",\"name\":\"Nuashonr\u00fa Nuachta: Comhairli\u00fach\u00e1n ar Sheirbh\u00eds\u00ed Ard\u00e1in Comhroinnte F\u00edse\u00e1in a ainmni\u00fa mar Chatag\u00f3ir - Coimisi\u00fan na Me\u00e1n\",\"isPartOf\":{\"@id\":\"https:\\\/\\\/www.cnam.ie\\\/ga\\\/#website\"},\"primaryImageOfPage\":{\"@id\":\"https:\\\/\\\/www.cnam.ie\\\/ga\\\/nuashonru-nuachta-comhairliuchan-ar-sheirbhisi-ardain-comhroinnte-fiseain-a-ainmniu-mar-chatagoir\\\/#primaryimage\"},\"image\":{\"@id\":\"https:\\\/\\\/www.cnam.ie\\\/ga\\\/nuashonru-nuachta-comhairliuchan-ar-sheirbhisi-ardain-comhroinnte-fiseain-a-ainmniu-mar-chatagoir\\\/#primaryimage\"},\"thumbnailUrl\":\"https:\\\/\\\/www.cnam.ie\\\/app\\\/uploads\\\/2023\\\/04\\\/MicrosoftTeams-image-1.jpg\",\"datePublished\":\"2023-07-25T08:38:47+00:00\",\"dateModified\":\"2025-01-22T15:02:23+00:00\",\"breadcrumb\":{\"@id\":\"https:\\\/\\\/www.cnam.ie\\\/ga\\\/nuashonru-nuachta-comhairliuchan-ar-sheirbhisi-ardain-comhroinnte-fiseain-a-ainmniu-mar-chatagoir\\\/#breadcrumb\"},\"inLanguage\":\"ga-IE\",\"potentialAction\":[{\"@type\":\"ReadAction\",\"target\":[\"https:\\\/\\\/www.cnam.ie\\\/ga\\\/nuashonru-nuachta-comhairliuchan-ar-sheirbhisi-ardain-comhroinnte-fiseain-a-ainmniu-mar-chatagoir\\\/\"]}]},{\"@type\":\"ImageObject\",\"inLanguage\":\"ga-IE\",\"@id\":\"https:\\\/\\\/www.cnam.ie\\\/ga\\\/nuashonru-nuachta-comhairliuchan-ar-sheirbhisi-ardain-comhroinnte-fiseain-a-ainmniu-mar-chatagoir\\\/#primaryimage\",\"url\":\"https:\\\/\\\/www.cnam.ie\\\/app\\\/uploads\\\/2023\\\/04\\\/MicrosoftTeams-image-1.jpg\",\"contentUrl\":\"https:\\\/\\\/www.cnam.ie\\\/app\\\/uploads\\\/2023\\\/04\\\/MicrosoftTeams-image-1.jpg\",\"width\":1003,\"height\":1003,\"caption\":\"Coimisi\u00fan na Me\u00e1n\"},{\"@type\":\"BreadcrumbList\",\"@id\":\"https:\\\/\\\/www.cnam.ie\\\/ga\\\/nuashonru-nuachta-comhairliuchan-ar-sheirbhisi-ardain-comhroinnte-fiseain-a-ainmniu-mar-chatagoir\\\/#breadcrumb\",\"itemListElement\":[{\"@type\":\"ListItem\",\"position\":1,\"name\":\"Home\",\"item\":\"https:\\\/\\\/www.cnam.ie\\\/ga\\\/\"},{\"@type\":\"ListItem\",\"position\":2,\"name\":\"Nuashonr\u00fa Nuachta: Comhairli\u00fach\u00e1n ar Sheirbh\u00eds\u00ed Ard\u00e1in Comhroinnte F\u00edse\u00e1in a ainmni\u00fa mar Chatag\u00f3ir\"}]},{\"@type\":\"WebSite\",\"@id\":\"https:\\\/\\\/www.cnam.ie\\\/ga\\\/#website\",\"url\":\"https:\\\/\\\/www.cnam.ie\\\/ga\\\/\",\"name\":\"Coimisiun na Mean\",\"description\":\"Coimisi\u00fan na Me\u00e1n\",\"publisher\":{\"@id\":\"https:\\\/\\\/www.cnam.ie\\\/ga\\\/#organization\"},\"potentialAction\":[{\"@type\":\"SearchAction\",\"target\":{\"@type\":\"EntryPoint\",\"urlTemplate\":\"https:\\\/\\\/www.cnam.ie\\\/ga\\\/?s={search_term_string}\"},\"query-input\":{\"@type\":\"PropertyValueSpecification\",\"valueRequired\":true,\"valueName\":\"search_term_string\"}}],\"inLanguage\":\"ga-IE\"},{\"@type\":\"Organization\",\"@id\":\"https:\\\/\\\/www.cnam.ie\\\/ga\\\/#organization\",\"name\":\"Coimisiun na Mean\",\"url\":\"https:\\\/\\\/www.cnam.ie\\\/ga\\\/\",\"logo\":{\"@type\":\"ImageObject\",\"inLanguage\":\"ga-IE\",\"@id\":\"https:\\\/\\\/www.cnam.ie\\\/ga\\\/#\\\/schema\\\/logo\\\/image\\\/\",\"url\":\"https:\\\/\\\/www.cnam.ie\\\/app\\\/uploads\\\/2024\\\/12\\\/Website-image-with-logo.jpg\",\"contentUrl\":\"https:\\\/\\\/www.cnam.ie\\\/app\\\/uploads\\\/2024\\\/12\\\/Website-image-with-logo.jpg\",\"width\":1200,\"height\":800,\"caption\":\"Coimisiun na Mean\"},\"image\":{\"@id\":\"https:\\\/\\\/www.cnam.ie\\\/ga\\\/#\\\/schema\\\/logo\\\/image\\\/\"},\"sameAs\":[\"https:\\\/\\\/www.facebook.com\\\/CNaM.Ireland\\\/\",\"https:\\\/\\\/x.com\\\/CNaM_ie\"]},{\"@type\":\"Person\",\"@id\":\"https:\\\/\\\/www.cnam.ie\\\/ga\\\/#\\\/schema\\\/person\\\/27e1cdc186c81a9f141ec27853ade284\",\"name\":\"jcaulfield\",\"image\":{\"@type\":\"ImageObject\",\"inLanguage\":\"ga-IE\",\"@id\":\"https:\\\/\\\/secure.gravatar.com\\\/avatar\\\/?s=96&d=mm&r=g\",\"url\":\"https:\\\/\\\/secure.gravatar.com\\\/avatar\\\/?s=96&d=mm&r=g\",\"contentUrl\":\"https:\\\/\\\/secure.gravatar.com\\\/avatar\\\/?s=96&d=mm&r=g\",\"caption\":\"jcaulfield\"}}]}<\/script>\n<!-- \/ Yoast SEO plugin. -->","yoast_head_json":{"title":"Nuashonr\u00fa Nuachta: Comhairli\u00fach\u00e1n ar Sheirbh\u00eds\u00ed Ard\u00e1in Comhroinnte F\u00edse\u00e1in a ainmni\u00fa mar Chatag\u00f3ir - Coimisi\u00fan na Me\u00e1n","robots":{"index":"index","follow":"follow","max-snippet":"max-snippet:-1","max-image-preview":"max-image-preview:large","max-video-preview":"max-video-preview:-1"},"canonical":"https:\/\/www.cnam.ie\/ga\/nuashonru-nuachta-comhairliuchan-ar-sheirbhisi-ardain-comhroinnte-fiseain-a-ainmniu-mar-chatagoir\/","og_locale":"ga_IE","og_type":"article","og_title":"Nuashonr\u00fa Nuachta: Comhairli\u00fach\u00e1n ar Sheirbh\u00eds\u00ed Ard\u00e1in Comhroinnte F\u00edse\u00e1in a ainmni\u00fa mar Chatag\u00f3ir - Coimisi\u00fan na Me\u00e1n","og_description":"Meabhr\u00fach\u00e1n &#8211; D\u00fanfar an Comhairli\u00fach\u00e1n ar an ainmni\u00fa at\u00e1 beartaithe do sheirbh\u00eds\u00ed ard\u00e1in comhroinnte f\u00edse\u00e1in mar chatag\u00f3ir de sheirbh\u00eds\u00ed \u00e1bhartha ar l\u00edne, D\u00e9 C\u00e9adaoin an 26 I\u00fail ag 12 me\u00e1n lae. Is f\u00e9idir tuilleadh sonra\u00ed (B\u00e9arla) a fh\u00e1il anseo, agus t\u00e1 na treoirl\u00ednte comhairli\u00fach\u00e1in ar f\u00e1il anseo. Is f\u00e9idir freagra\u00ed a sheoladh chuig: VSPSdesignation@cnam.ie CR\u00cdOCH","og_url":"https:\/\/www.cnam.ie\/ga\/nuashonru-nuachta-comhairliuchan-ar-sheirbhisi-ardain-comhroinnte-fiseain-a-ainmniu-mar-chatagoir\/","og_site_name":"Coimisi\u00fan na Me\u00e1n","article_publisher":"https:\/\/www.facebook.com\/CNaM.Ireland\/","article_published_time":"2023-07-25T08:38:47+00:00","article_modified_time":"2025-01-22T15:02:23+00:00","og_image":[{"width":1003,"height":1003,"url":"https:\/\/www.cnam.ie\/app\/uploads\/2023\/04\/MicrosoftTeams-image-1.jpg","type":"image\/jpeg"}],"author":"jcaulfield","twitter_card":"summary_large_image","twitter_creator":"@CNaM_ie","twitter_site":"@CNaM_ie","twitter_misc":{"Written by":"jcaulfield","Est. reading time":"1 minute"},"schema":{"@context":"https:\/\/schema.org","@graph":[{"@type":"Article","@id":"https:\/\/www.cnam.ie\/ga\/nuashonru-nuachta-comhairliuchan-ar-sheirbhisi-ardain-comhroinnte-fiseain-a-ainmniu-mar-chatagoir\/#article","isPartOf":{"@id":"https:\/\/www.cnam.ie\/ga\/nuashonru-nuachta-comhairliuchan-ar-sheirbhisi-ardain-comhroinnte-fiseain-a-ainmniu-mar-chatagoir\/"},"author":{"name":"jcaulfield","@id":"https:\/\/www.cnam.ie\/ga\/#\/schema\/person\/27e1cdc186c81a9f141ec27853ade284"},"headline":"Nuashonr\u00fa Nuachta: Comhairli\u00fach\u00e1n ar Sheirbh\u00eds\u00ed Ard\u00e1in Comhroinnte F\u00edse\u00e1in a ainmni\u00fa mar Chatag\u00f3ir","datePublished":"2023-07-25T08:38:47+00:00","dateModified":"2025-01-22T15:02:23+00:00","mainEntityOfPage":{"@id":"https:\/\/www.cnam.ie\/ga\/nuashonru-nuachta-comhairliuchan-ar-sheirbhisi-ardain-comhroinnte-fiseain-a-ainmniu-mar-chatagoir\/"},"wordCount":98,"publisher":{"@id":"https:\/\/www.cnam.ie\/ga\/#organization"},"image":{"@id":"https:\/\/www.cnam.ie\/ga\/nuashonru-nuachta-comhairliuchan-ar-sheirbhisi-ardain-comhroinnte-fiseain-a-ainmniu-mar-chatagoir\/#primaryimage"},"thumbnailUrl":"https:\/\/www.cnam.ie\/app\/uploads\/2023\/04\/MicrosoftTeams-image-1.jpg","articleSection":["S\u00e1bh\u00e1ilteacht ar l\u00edne"],"inLanguage":"ga-IE"},{"@type":"WebPage","@id":"https:\/\/www.cnam.ie\/ga\/nuashonru-nuachta-comhairliuchan-ar-sheirbhisi-ardain-comhroinnte-fiseain-a-ainmniu-mar-chatagoir\/","url":"https:\/\/www.cnam.ie\/ga\/nuashonru-nuachta-comhairliuchan-ar-sheirbhisi-ardain-comhroinnte-fiseain-a-ainmniu-mar-chatagoir\/","name":"Nuashonr\u00fa Nuachta: Comhairli\u00fach\u00e1n ar Sheirbh\u00eds\u00ed Ard\u00e1in Comhroinnte F\u00edse\u00e1in a ainmni\u00fa mar Chatag\u00f3ir - Coimisi\u00fan na Me\u00e1n","isPartOf":{"@id":"https:\/\/www.cnam.ie\/ga\/#website"},"primaryImageOfPage":{"@id":"https:\/\/www.cnam.ie\/ga\/nuashonru-nuachta-comhairliuchan-ar-sheirbhisi-ardain-comhroinnte-fiseain-a-ainmniu-mar-chatagoir\/#primaryimage"},"image":{"@id":"https:\/\/www.cnam.ie\/ga\/nuashonru-nuachta-comhairliuchan-ar-sheirbhisi-ardain-comhroinnte-fiseain-a-ainmniu-mar-chatagoir\/#primaryimage"},"thumbnailUrl":"https:\/\/www.cnam.ie\/app\/uploads\/2023\/04\/MicrosoftTeams-image-1.jpg","datePublished":"2023-07-25T08:38:47+00:00","dateModified":"2025-01-22T15:02:23+00:00","breadcrumb":{"@id":"https:\/\/www.cnam.ie\/ga\/nuashonru-nuachta-comhairliuchan-ar-sheirbhisi-ardain-comhroinnte-fiseain-a-ainmniu-mar-chatagoir\/#breadcrumb"},"inLanguage":"ga-IE","potentialAction":[{"@type":"ReadAction","target":["https:\/\/www.cnam.ie\/ga\/nuashonru-nuachta-comhairliuchan-ar-sheirbhisi-ardain-comhroinnte-fiseain-a-ainmniu-mar-chatagoir\/"]}]},{"@type":"ImageObject","inLanguage":"ga-IE","@id":"https:\/\/www.cnam.ie\/ga\/nuashonru-nuachta-comhairliuchan-ar-sheirbhisi-ardain-comhroinnte-fiseain-a-ainmniu-mar-chatagoir\/#primaryimage","url":"https:\/\/www.cnam.ie\/app\/uploads\/2023\/04\/MicrosoftTeams-image-1.jpg","contentUrl":"https:\/\/www.cnam.ie\/app\/uploads\/2023\/04\/MicrosoftTeams-image-1.jpg","width":1003,"height":1003,"caption":"Coimisi\u00fan na Me\u00e1n"},{"@type":"BreadcrumbList","@id":"https:\/\/www.cnam.ie\/ga\/nuashonru-nuachta-comhairliuchan-ar-sheirbhisi-ardain-comhroinnte-fiseain-a-ainmniu-mar-chatagoir\/#breadcrumb","itemListElement":[{"@type":"ListItem","position":1,"name":"Home","item":"https:\/\/www.cnam.ie\/ga\/"},{"@type":"ListItem","position":2,"name":"Nuashonr\u00fa Nuachta: Comhairli\u00fach\u00e1n ar Sheirbh\u00eds\u00ed Ard\u00e1in Comhroinnte F\u00edse\u00e1in a ainmni\u00fa mar Chatag\u00f3ir"}]},{"@type":"WebSite","@id":"https:\/\/www.cnam.ie\/ga\/#website","url":"https:\/\/www.cnam.ie\/ga\/","name":"Coimisiun na Mean","description":"Coimisi\u00fan na Me\u00e1n","publisher":{"@id":"https:\/\/www.cnam.ie\/ga\/#organization"},"potentialAction":[{"@type":"SearchAction","target":{"@type":"EntryPoint","urlTemplate":"https:\/\/www.cnam.ie\/ga\/?s={search_term_string}"},"query-input":{"@type":"PropertyValueSpecification","valueRequired":true,"valueName":"search_term_string"}}],"inLanguage":"ga-IE"},{"@type":"Organization","@id":"https:\/\/www.cnam.ie\/ga\/#organization","name":"Coimisiun na Mean","url":"https:\/\/www.cnam.ie\/ga\/","logo":{"@type":"ImageObject","inLanguage":"ga-IE","@id":"https:\/\/www.cnam.ie\/ga\/#\/schema\/logo\/image\/","url":"https:\/\/www.cnam.ie\/app\/uploads\/2024\/12\/Website-image-with-logo.jpg","contentUrl":"https:\/\/www.cnam.ie\/app\/uploads\/2024\/12\/Website-image-with-logo.jpg","width":1200,"height":800,"caption":"Coimisiun na Mean"},"image":{"@id":"https:\/\/www.cnam.ie\/ga\/#\/schema\/logo\/image\/"},"sameAs":["https:\/\/www.facebook.com\/CNaM.Ireland\/","https:\/\/x.com\/CNaM_ie"]},{"@type":"Person","@id":"https:\/\/www.cnam.ie\/ga\/#\/schema\/person\/27e1cdc186c81a9f141ec27853ade284","name":"jcaulfield","image":{"@type":"ImageObject","inLanguage":"ga-IE","@id":"https:\/\/secure.gravatar.com\/avatar\/?s=96&d=mm&r=g","url":"https:\/\/secure.gravatar.com\/avatar\/?s=96&d=mm&r=g","contentUrl":"https:\/\/secure.gravatar.com\/avatar\/?s=96&d=mm&r=g","caption":"jcaulfield"}}]}},"spectra_custom_meta":{"_wpml_word_count":["{\"total\":78,\"to_translate\":{\"en\":78}}","{\"total\":78,\"to_translate\":{\"en\":78}}"],"_thumbnail_id":["6605","6605"],"_edit_last":["12","12"],"_wpml_media_duplicate":["1","1"],"_wpml_media_featured":["1","1"],"_wpml_location_migration_done":["1","1"],"_edit_lock":["1737558144:12"],"_relevanssi_related_posts":["7610,806,7605,7609,858,7614"],"_encloseme":["1"],"_last_translation_edit_mode":["native-editor"],"_yoast_wpseo_content_score":["90"],"_yoast_wpseo_estimated-reading-time-minutes":["1"],"_wp_page_template":["default"],"_relevanssi_pin_keywords":[""],"_relevanssi_unpin_keywords":[""],"_yoast_wpseo_primary_category":["99"],"_uag_css_file_name":["uag-css-7617.css"],"_uag_js_file_name":["uag-js-7617.js"]},"uagb_featured_image_src":{"full":["https:\/\/www.cnam.ie\/app\/uploads\/2023\/04\/MicrosoftTeams-image-1.jpg",1003,1003,false],"thumbnail":["https:\/\/www.cnam.ie\/app\/uploads\/2023\/04\/MicrosoftTeams-image-1-150x150.jpg",150,150,true],"medium":["https:\/\/www.cnam.ie\/app\/uploads\/2023\/04\/MicrosoftTeams-image-1-300x300.jpg",300,300,true],"medium_large":["https:\/\/www.cnam.ie\/app\/uploads\/2023\/04\/MicrosoftTeams-image-1-768x768.jpg",640,640,true],"large":["https:\/\/www.cnam.ie\/app\/uploads\/2023\/04\/MicrosoftTeams-image-1.jpg",640,640,false],"1536x1536":["https:\/\/www.cnam.ie\/app\/uploads\/2023\/04\/MicrosoftTeams-image-1.jpg",1003,1003,false],"2048x2048":["https:\/\/www.cnam.ie\/app\/uploads\/2023\/04\/MicrosoftTeams-image-1.jpg",1003,1003,false],"gform-image-choice-sm":["https:\/\/www.cnam.ie\/app\/uploads\/2023\/04\/MicrosoftTeams-image-1.jpg",300,300,false],"gform-image-choice-md":["https:\/\/www.cnam.ie\/app\/uploads\/2023\/04\/MicrosoftTeams-image-1.jpg",400,400,false],"gform-image-choice-lg":["https:\/\/www.cnam.ie\/app\/uploads\/2023\/04\/MicrosoftTeams-image-1.jpg",600,600,false]},"uagb_author_info":{"display_name":"jcaulfield","author_link":"https:\/\/www.cnam.ie\/ga\/author\/jcaulfield\/"},"uagb_comment_info":0,"uagb_excerpt":"Meabhr\u00fach\u00e1n &#8211; D\u00fanfar an Comhairli\u00fach\u00e1n ar an ainmni\u00fa at\u00e1 beartaithe do sheirbh\u00eds\u00ed ard\u00e1in comhroinnte f\u00edse\u00e1in mar chatag\u00f3ir de sheirbh\u00eds\u00ed \u00e1bhartha ar l\u00edne, D\u00e9 C\u00e9adaoin an 26 I\u00fail ag 12 me\u00e1n lae. Is f\u00e9idir tuilleadh sonra\u00ed (B\u00e9arla) a fh\u00e1il anseo, agus t\u00e1 na treoirl\u00ednte comhairli\u00fach\u00e1in ar f\u00e1il anseo. Is f\u00e9idir freagra\u00ed a sheoladh chuig: VSPSdesignation@cnam.ie CR\u00cdOCH","_links":{"self":[{"href":"https:\/\/www.cnam.ie\/ga\/wp-json\/wp\/v2\/posts\/7617","targetHints":{"allow":["GET"]}}],"collection":[{"href":"https:\/\/www.cnam.ie\/ga\/wp-json\/wp\/v2\/posts"}],"about":[{"href":"https:\/\/www.cnam.ie\/ga\/wp-json\/wp\/v2\/types\/post"}],"author":[{"embeddable":true,"href":"https:\/\/www.cnam.ie\/ga\/wp-json\/wp\/v2\/users\/14"}],"replies":[{"embeddable":true,"href":"https:\/\/www.cnam.ie\/ga\/wp-json\/wp\/v2\/comments?post=7617"}],"version-history":[{"count":2,"href":"https:\/\/www.cnam.ie\/ga\/wp-json\/wp\/v2\/posts\/7617\/revisions"}],"predecessor-version":[{"id":14019,"href":"https:\/\/www.cnam.ie\/ga\/wp-json\/wp\/v2\/posts\/7617\/revisions\/14019"}],"wp:featuredmedia":[{"embeddable":true,"href":"https:\/\/www.cnam.ie\/ga\/wp-json\/wp\/v2\/media\/6605"}],"wp:attachment":[{"href":"https:\/\/www.cnam.ie\/ga\/wp-json\/wp\/v2\/media?parent=7617"}],"wp:term":[{"taxonomy":"category","embeddable":true,"href":"https:\/\/www.cnam.ie\/ga\/wp-json\/wp\/v2\/categories?post=7617"},{"taxonomy":"post_tag","embeddable":true,"href":"https:\/\/www.cnam.ie\/ga\/wp-json\/wp\/v2\/tags?post=7617"}],"curies":[{"name":"wp","href":"https:\/\/api.w.org\/{rel}","templated":true}]}}