{"id":7618,"date":"2023-07-26T13:13:14","date_gmt":"2023-07-26T12:13:14","guid":{"rendered":"https:\/\/www.cnam.ie\/?p=1207"},"modified":"2025-01-22T15:09:21","modified_gmt":"2025-01-22T15:09:21","slug":"sinionn-coimisiun-na-mean-conradh-nua-le-virgin-media-television-limited","status":"publish","type":"post","link":"https:\/\/www.cnam.ie\/ga\/sinionn-coimisiun-na-mean-conradh-nua-le-virgin-media-television-limited\/","title":{"rendered":"S\u00edn\u00edonn Coimisi\u00fan na Me\u00e1n conradh nua le Virgin Media Television Limited"},"content":{"rendered":"\n<p>T\u00e1 comhlacht nua rialaithe agus forbartha na me\u00e1n in \u00c9irinn, Coimisi\u00fan na Me\u00e1n, tar \u00e9is comhaont\u00fa a sh\u00edn le Virgin Media Television Limited maidir le Comhaont\u00fa Seirbh\u00edse Cl\u00e1r Teilif\u00edse N\u00e1isi\u00fanta saor in aisce nua (26.07.23).<\/p>\n\n\n\n<p>Bronnadh an conartha nua de 10 mbliana ar an teilif\u00eds\u00e1la\u00ed tar \u00e9is pr\u00f3is\u00e9as chead\u00fanais a thosaigh ag iarraidh \u00dadar\u00e1s Craolach\u00e1in na h\u00c9ireann, r\u00e9amhtheaghlach Coimisi\u00fan na Me\u00e1n. F\u00e9achann s\u00e9 ar sheachadadh lean\u00fanach na gcl\u00e1r n\u00e1isi\u00fanta teilif\u00edse saor in aisce Virgin Media One agus Two.<\/p>\n\n\n\n<p>D\u00fairt an Coimisin\u00e9ir Craolach\u00e1in, Celene Craig: &#8220;T\u00e1 Virgin Media One agus Two ina gcuid luachmhar den t\u00edrdhreach me\u00e1n na h\u00c9ireann, ag forbairt an rogha agus na h\u00e9ags\u00falachta do lucht f\u00e9achana na h\u00c9ireann le comhth\u00e9acs f\u00edse\u00e1in d\u00fachasacha agus idirn\u00e1isi\u00fanta sna r\u00e9ims\u00ed nuachta agusgn\u00edomhartha reatha, siamsa\u00edochta, dr\u00e1ma\u00edocht, sp\u00f3rt, fh\u00edric\u00ed agus st\u00edl beatha.<\/p>\n\n\n\n<p>&#8220;Ba mhaith liom comhghairdeas a dh\u00e9anamh leis Virgin Media Television as an pr\u00f3iseas cead\u00fanaithe a chr\u00edochn\u00fa agus gu\u00edodh gach rath orthu le linn t\u00e9arma nua an chonartha seo.&#8221;<\/p>\n\n\n\n<p><strong>Teagmh\u00e1il Me\u00e1in: Joanne Ahern \/ S\u00edona Cahill, DHR Communications, Tel: 087-9881837 \/ 087-7530255.<\/strong><\/p>\n\n\n\n<p><strong>N\u00f3ta d&#8217;Eagarth\u00f3ir\u00ed:<\/strong><strong><\/strong><\/p>\n\n\n\n<ul class=\"wp-block-list\">\n<li>Bh\u00ed Coimisi\u00fan na Me\u00e1n iontr\u00e1ilte ag Cathaoirleach Feidhmi\u00fach\u00e1in, Jeremy Godfrey, agus an Coimisin\u00e9ir Craolach\u00e1in, Celene Craig ag s\u00edni\u00fa an chonartha. Bh\u00ed Virgin Media Television iontr\u00e1ilte ag Sti\u00farth\u00f3ir Bainist\u00edochta, Paul Farrell, agus Leas-Uachtar\u00e1n Airgeadais, Max Adkins. T\u00e1 grianghraf den s\u00edni\u00fa an chonartha ar f\u00e1il ag iarraidh.<\/li>\n<\/ul>\n\n\n\n<ul class=\"wp-block-list\">\n<li>Oibr\u00edonn Virgin Media Television Limited na gcl\u00e1r teilif\u00edse Virgin Media Three, Four agus More, agus Virgin Media Sport faoina gconartha\u00ed ar leith chun \u00e1bhar a shol\u00e1thar do Coimisi\u00fan na Me\u00e1n.<\/li>\n<\/ul>\n","protected":false},"excerpt":{"rendered":"<p>T\u00e1 comhlacht nua rialaithe agus forbartha na me\u00e1n in \u00c9irinn, Coimisi\u00fan na Me\u00e1n, tar \u00e9is comhaont\u00fa a sh\u00edn le Virgin Media Television Limited maidir le Comhaont\u00fa Seirbh\u00edse Cl\u00e1r Teilif\u00edse N\u00e1isi\u00fanta saor in aisce nua (26.07.23). Bronnadh an conartha nua de 10 mbliana ar an teilif\u00eds\u00e1la\u00ed tar \u00e9is pr\u00f3is\u00e9as chead\u00fanais a thosaigh ag iarraidh \u00dadar\u00e1s Craolach\u00e1in [&hellip;]<\/p>\n","protected":false},"author":14,"featured_media":14020,"comment_status":"closed","ping_status":"closed","sticky":false,"template":"","format":"standard","meta":{"_acf_changed":false,"_relevanssi_hide_post":"","_relevanssi_hide_content":"","_relevanssi_pin_for_all":"","_relevanssi_pin_keywords":"","_relevanssi_unpin_keywords":"","_relevanssi_related_keywords":"","_relevanssi_related_include_ids":"","_relevanssi_related_exclude_ids":"","_relevanssi_related_no_append":"","_relevanssi_related_not_related":"","_relevanssi_related_posts":"1205,3842,3062,806,2076,7629","_relevanssi_noindex_reason":"","_uag_custom_page_level_css":"","footnotes":""},"categories":[97],"tags":[],"class_list":["post-7618","post","type-post","status-publish","format-standard","has-post-thumbnail","hentry","category-ceadunaithe"],"acf":[],"yoast_head":"<!-- This site is optimized with the Yoast SEO plugin v27.5 - https:\/\/yoast.com\/product\/yoast-seo-wordpress\/ -->\n<title>S\u00edn\u00edonn Coimisi\u00fan na Me\u00e1n conradh nua le Virgin Media Television Limited - Coimisi\u00fan na Me\u00e1n<\/title>\n<meta name=\"robots\" content=\"index, follow, max-snippet:-1, max-image-preview:large, max-video-preview:-1\" \/>\n<link rel=\"canonical\" href=\"https:\/\/www.cnam.ie\/ga\/sinionn-coimisiun-na-mean-conradh-nua-le-virgin-media-television-limited\/\" \/>\n<meta property=\"og:locale\" content=\"ga_IE\" \/>\n<meta property=\"og:type\" content=\"article\" \/>\n<meta property=\"og:title\" content=\"S\u00edn\u00edonn Coimisi\u00fan na Me\u00e1n conradh nua le Virgin Media Television Limited - Coimisi\u00fan na Me\u00e1n\" \/>\n<meta property=\"og:description\" content=\"T\u00e1 comhlacht nua rialaithe agus forbartha na me\u00e1n in \u00c9irinn, Coimisi\u00fan na Me\u00e1n, tar \u00e9is comhaont\u00fa a sh\u00edn le Virgin Media Television Limited maidir le Comhaont\u00fa Seirbh\u00edse Cl\u00e1r Teilif\u00edse N\u00e1isi\u00fanta saor in aisce nua (26.07.23). Bronnadh an conartha nua de 10 mbliana ar an teilif\u00eds\u00e1la\u00ed tar \u00e9is pr\u00f3is\u00e9as chead\u00fanais a thosaigh ag iarraidh \u00dadar\u00e1s Craolach\u00e1in [&hellip;]\" \/>\n<meta property=\"og:url\" content=\"https:\/\/www.cnam.ie\/ga\/sinionn-coimisiun-na-mean-conradh-nua-le-virgin-media-television-limited\/\" \/>\n<meta property=\"og:site_name\" content=\"Coimisi\u00fan na Me\u00e1n\" \/>\n<meta property=\"article:publisher\" content=\"https:\/\/www.facebook.com\/CNaM.Ireland\/\" \/>\n<meta property=\"article:published_time\" content=\"2023-07-26T12:13:14+00:00\" \/>\n<meta property=\"article:modified_time\" content=\"2025-01-22T15:09:21+00:00\" \/>\n<meta property=\"og:image\" content=\"https:\/\/www.cnam.ie\/app\/uploads\/2023\/07\/20230726-CNAM-28-scaled-e1690548270315-1.jpg\" \/>\n\t<meta property=\"og:image:width\" content=\"2144\" \/>\n\t<meta property=\"og:image:height\" content=\"1331\" \/>\n\t<meta property=\"og:image:type\" content=\"image\/jpeg\" \/>\n<meta name=\"author\" content=\"jcaulfield\" \/>\n<meta name=\"twitter:card\" content=\"summary_large_image\" \/>\n<meta name=\"twitter:creator\" content=\"@CNaM_ie\" \/>\n<meta name=\"twitter:site\" content=\"@CNaM_ie\" \/>\n<meta name=\"twitter:label1\" content=\"Written by\" \/>\n\t<meta name=\"twitter:data1\" content=\"jcaulfield\" \/>\n\t<meta name=\"twitter:label2\" content=\"Est. reading time\" \/>\n\t<meta name=\"twitter:data2\" content=\"2 minutes\" \/>\n<script type=\"application\/ld+json\" class=\"yoast-schema-graph\">{\"@context\":\"https:\\\/\\\/schema.org\",\"@graph\":[{\"@type\":\"Article\",\"@id\":\"https:\\\/\\\/www.cnam.ie\\\/ga\\\/sinionn-coimisiun-na-mean-conradh-nua-le-virgin-media-television-limited\\\/#article\",\"isPartOf\":{\"@id\":\"https:\\\/\\\/www.cnam.ie\\\/ga\\\/sinionn-coimisiun-na-mean-conradh-nua-le-virgin-media-television-limited\\\/\"},\"author\":{\"name\":\"jcaulfield\",\"@id\":\"https:\\\/\\\/www.cnam.ie\\\/ga\\\/#\\\/schema\\\/person\\\/27e1cdc186c81a9f141ec27853ade284\"},\"headline\":\"S\u00edn\u00edonn Coimisi\u00fan na Me\u00e1n conradh nua le Virgin Media Television Limited\",\"datePublished\":\"2023-07-26T12:13:14+00:00\",\"dateModified\":\"2025-01-22T15:09:21+00:00\",\"mainEntityOfPage\":{\"@id\":\"https:\\\/\\\/www.cnam.ie\\\/ga\\\/sinionn-coimisiun-na-mean-conradh-nua-le-virgin-media-television-limited\\\/\"},\"wordCount\":340,\"publisher\":{\"@id\":\"https:\\\/\\\/www.cnam.ie\\\/ga\\\/#organization\"},\"image\":{\"@id\":\"https:\\\/\\\/www.cnam.ie\\\/ga\\\/sinionn-coimisiun-na-mean-conradh-nua-le-virgin-media-television-limited\\\/#primaryimage\"},\"thumbnailUrl\":\"https:\\\/\\\/www.cnam.ie\\\/app\\\/uploads\\\/2023\\\/07\\\/20230726-CNAM-28-scaled-e1690548270315-1.jpg\",\"articleSection\":[\"Cead\u00fanaithe\"],\"inLanguage\":\"ga-IE\"},{\"@type\":\"WebPage\",\"@id\":\"https:\\\/\\\/www.cnam.ie\\\/ga\\\/sinionn-coimisiun-na-mean-conradh-nua-le-virgin-media-television-limited\\\/\",\"url\":\"https:\\\/\\\/www.cnam.ie\\\/ga\\\/sinionn-coimisiun-na-mean-conradh-nua-le-virgin-media-television-limited\\\/\",\"name\":\"S\u00edn\u00edonn Coimisi\u00fan na Me\u00e1n conradh nua le Virgin Media Television Limited - Coimisi\u00fan na Me\u00e1n\",\"isPartOf\":{\"@id\":\"https:\\\/\\\/www.cnam.ie\\\/ga\\\/#website\"},\"primaryImageOfPage\":{\"@id\":\"https:\\\/\\\/www.cnam.ie\\\/ga\\\/sinionn-coimisiun-na-mean-conradh-nua-le-virgin-media-television-limited\\\/#primaryimage\"},\"image\":{\"@id\":\"https:\\\/\\\/www.cnam.ie\\\/ga\\\/sinionn-coimisiun-na-mean-conradh-nua-le-virgin-media-television-limited\\\/#primaryimage\"},\"thumbnailUrl\":\"https:\\\/\\\/www.cnam.ie\\\/app\\\/uploads\\\/2023\\\/07\\\/20230726-CNAM-28-scaled-e1690548270315-1.jpg\",\"datePublished\":\"2023-07-26T12:13:14+00:00\",\"dateModified\":\"2025-01-22T15:09:21+00:00\",\"breadcrumb\":{\"@id\":\"https:\\\/\\\/www.cnam.ie\\\/ga\\\/sinionn-coimisiun-na-mean-conradh-nua-le-virgin-media-television-limited\\\/#breadcrumb\"},\"inLanguage\":\"ga-IE\",\"potentialAction\":[{\"@type\":\"ReadAction\",\"target\":[\"https:\\\/\\\/www.cnam.ie\\\/ga\\\/sinionn-coimisiun-na-mean-conradh-nua-le-virgin-media-television-limited\\\/\"]}]},{\"@type\":\"ImageObject\",\"inLanguage\":\"ga-IE\",\"@id\":\"https:\\\/\\\/www.cnam.ie\\\/ga\\\/sinionn-coimisiun-na-mean-conradh-nua-le-virgin-media-television-limited\\\/#primaryimage\",\"url\":\"https:\\\/\\\/www.cnam.ie\\\/app\\\/uploads\\\/2023\\\/07\\\/20230726-CNAM-28-scaled-e1690548270315-1.jpg\",\"contentUrl\":\"https:\\\/\\\/www.cnam.ie\\\/app\\\/uploads\\\/2023\\\/07\\\/20230726-CNAM-28-scaled-e1690548270315-1.jpg\",\"width\":2144,\"height\":1331,\"caption\":\"Caption: (L-R) \u00c1ine N\u00ed Chaoindealbhain, Deputy Managing Director, Virgin Media Television, Paul Farrell, Managing Director, Virgin Media Television, with Celene Craig, Broadcasting Commissioner and Jeremy Godfrey, Executive Chairperson, Coimisi\u00fan na Me\u00e1n, at the signing of a new national free-to-air Television Programme Service Contract with Virgin Media Television Limited. Coimisi\u00fan na Me\u00e1n Head Office, Wednesday 26th July, 2023\"},{\"@type\":\"BreadcrumbList\",\"@id\":\"https:\\\/\\\/www.cnam.ie\\\/ga\\\/sinionn-coimisiun-na-mean-conradh-nua-le-virgin-media-television-limited\\\/#breadcrumb\",\"itemListElement\":[{\"@type\":\"ListItem\",\"position\":1,\"name\":\"Home\",\"item\":\"https:\\\/\\\/www.cnam.ie\\\/ga\\\/\"},{\"@type\":\"ListItem\",\"position\":2,\"name\":\"S\u00edn\u00edonn Coimisi\u00fan na Me\u00e1n conradh nua le Virgin Media Television Limited\"}]},{\"@type\":\"WebSite\",\"@id\":\"https:\\\/\\\/www.cnam.ie\\\/ga\\\/#website\",\"url\":\"https:\\\/\\\/www.cnam.ie\\\/ga\\\/\",\"name\":\"Coimisiun na Mean\",\"description\":\"Coimisi\u00fan na Me\u00e1n\",\"publisher\":{\"@id\":\"https:\\\/\\\/www.cnam.ie\\\/ga\\\/#organization\"},\"potentialAction\":[{\"@type\":\"SearchAction\",\"target\":{\"@type\":\"EntryPoint\",\"urlTemplate\":\"https:\\\/\\\/www.cnam.ie\\\/ga\\\/?s={search_term_string}\"},\"query-input\":{\"@type\":\"PropertyValueSpecification\",\"valueRequired\":true,\"valueName\":\"search_term_string\"}}],\"inLanguage\":\"ga-IE\"},{\"@type\":\"Organization\",\"@id\":\"https:\\\/\\\/www.cnam.ie\\\/ga\\\/#organization\",\"name\":\"Coimisiun na Mean\",\"url\":\"https:\\\/\\\/www.cnam.ie\\\/ga\\\/\",\"logo\":{\"@type\":\"ImageObject\",\"inLanguage\":\"ga-IE\",\"@id\":\"https:\\\/\\\/www.cnam.ie\\\/ga\\\/#\\\/schema\\\/logo\\\/image\\\/\",\"url\":\"https:\\\/\\\/www.cnam.ie\\\/app\\\/uploads\\\/2024\\\/12\\\/Website-image-with-logo.jpg\",\"contentUrl\":\"https:\\\/\\\/www.cnam.ie\\\/app\\\/uploads\\\/2024\\\/12\\\/Website-image-with-logo.jpg\",\"width\":1200,\"height\":800,\"caption\":\"Coimisiun na Mean\"},\"image\":{\"@id\":\"https:\\\/\\\/www.cnam.ie\\\/ga\\\/#\\\/schema\\\/logo\\\/image\\\/\"},\"sameAs\":[\"https:\\\/\\\/www.facebook.com\\\/CNaM.Ireland\\\/\",\"https:\\\/\\\/x.com\\\/CNaM_ie\"]},{\"@type\":\"Person\",\"@id\":\"https:\\\/\\\/www.cnam.ie\\\/ga\\\/#\\\/schema\\\/person\\\/27e1cdc186c81a9f141ec27853ade284\",\"name\":\"jcaulfield\",\"image\":{\"@type\":\"ImageObject\",\"inLanguage\":\"ga-IE\",\"@id\":\"https:\\\/\\\/secure.gravatar.com\\\/avatar\\\/?s=96&d=mm&r=g\",\"url\":\"https:\\\/\\\/secure.gravatar.com\\\/avatar\\\/?s=96&d=mm&r=g\",\"contentUrl\":\"https:\\\/\\\/secure.gravatar.com\\\/avatar\\\/?s=96&d=mm&r=g\",\"caption\":\"jcaulfield\"}}]}<\/script>\n<!-- \/ Yoast SEO plugin. -->","yoast_head_json":{"title":"S\u00edn\u00edonn Coimisi\u00fan na Me\u00e1n conradh nua le Virgin Media Television Limited - Coimisi\u00fan na Me\u00e1n","robots":{"index":"index","follow":"follow","max-snippet":"max-snippet:-1","max-image-preview":"max-image-preview:large","max-video-preview":"max-video-preview:-1"},"canonical":"https:\/\/www.cnam.ie\/ga\/sinionn-coimisiun-na-mean-conradh-nua-le-virgin-media-television-limited\/","og_locale":"ga_IE","og_type":"article","og_title":"S\u00edn\u00edonn Coimisi\u00fan na Me\u00e1n conradh nua le Virgin Media Television Limited - Coimisi\u00fan na Me\u00e1n","og_description":"T\u00e1 comhlacht nua rialaithe agus forbartha na me\u00e1n in \u00c9irinn, Coimisi\u00fan na Me\u00e1n, tar \u00e9is comhaont\u00fa a sh\u00edn le Virgin Media Television Limited maidir le Comhaont\u00fa Seirbh\u00edse Cl\u00e1r Teilif\u00edse N\u00e1isi\u00fanta saor in aisce nua (26.07.23). Bronnadh an conartha nua de 10 mbliana ar an teilif\u00eds\u00e1la\u00ed tar \u00e9is pr\u00f3is\u00e9as chead\u00fanais a thosaigh ag iarraidh \u00dadar\u00e1s Craolach\u00e1in [&hellip;]","og_url":"https:\/\/www.cnam.ie\/ga\/sinionn-coimisiun-na-mean-conradh-nua-le-virgin-media-television-limited\/","og_site_name":"Coimisi\u00fan na Me\u00e1n","article_publisher":"https:\/\/www.facebook.com\/CNaM.Ireland\/","article_published_time":"2023-07-26T12:13:14+00:00","article_modified_time":"2025-01-22T15:09:21+00:00","og_image":[{"width":2144,"height":1331,"url":"https:\/\/www.cnam.ie\/app\/uploads\/2023\/07\/20230726-CNAM-28-scaled-e1690548270315-1.jpg","type":"image\/jpeg"}],"author":"jcaulfield","twitter_card":"summary_large_image","twitter_creator":"@CNaM_ie","twitter_site":"@CNaM_ie","twitter_misc":{"Written by":"jcaulfield","Est. reading time":"2 minutes"},"schema":{"@context":"https:\/\/schema.org","@graph":[{"@type":"Article","@id":"https:\/\/www.cnam.ie\/ga\/sinionn-coimisiun-na-mean-conradh-nua-le-virgin-media-television-limited\/#article","isPartOf":{"@id":"https:\/\/www.cnam.ie\/ga\/sinionn-coimisiun-na-mean-conradh-nua-le-virgin-media-television-limited\/"},"author":{"name":"jcaulfield","@id":"https:\/\/www.cnam.ie\/ga\/#\/schema\/person\/27e1cdc186c81a9f141ec27853ade284"},"headline":"S\u00edn\u00edonn Coimisi\u00fan na Me\u00e1n conradh nua le Virgin Media Television Limited","datePublished":"2023-07-26T12:13:14+00:00","dateModified":"2025-01-22T15:09:21+00:00","mainEntityOfPage":{"@id":"https:\/\/www.cnam.ie\/ga\/sinionn-coimisiun-na-mean-conradh-nua-le-virgin-media-television-limited\/"},"wordCount":340,"publisher":{"@id":"https:\/\/www.cnam.ie\/ga\/#organization"},"image":{"@id":"https:\/\/www.cnam.ie\/ga\/sinionn-coimisiun-na-mean-conradh-nua-le-virgin-media-television-limited\/#primaryimage"},"thumbnailUrl":"https:\/\/www.cnam.ie\/app\/uploads\/2023\/07\/20230726-CNAM-28-scaled-e1690548270315-1.jpg","articleSection":["Cead\u00fanaithe"],"inLanguage":"ga-IE"},{"@type":"WebPage","@id":"https:\/\/www.cnam.ie\/ga\/sinionn-coimisiun-na-mean-conradh-nua-le-virgin-media-television-limited\/","url":"https:\/\/www.cnam.ie\/ga\/sinionn-coimisiun-na-mean-conradh-nua-le-virgin-media-television-limited\/","name":"S\u00edn\u00edonn Coimisi\u00fan na Me\u00e1n conradh nua le Virgin Media Television Limited - Coimisi\u00fan na Me\u00e1n","isPartOf":{"@id":"https:\/\/www.cnam.ie\/ga\/#website"},"primaryImageOfPage":{"@id":"https:\/\/www.cnam.ie\/ga\/sinionn-coimisiun-na-mean-conradh-nua-le-virgin-media-television-limited\/#primaryimage"},"image":{"@id":"https:\/\/www.cnam.ie\/ga\/sinionn-coimisiun-na-mean-conradh-nua-le-virgin-media-television-limited\/#primaryimage"},"thumbnailUrl":"https:\/\/www.cnam.ie\/app\/uploads\/2023\/07\/20230726-CNAM-28-scaled-e1690548270315-1.jpg","datePublished":"2023-07-26T12:13:14+00:00","dateModified":"2025-01-22T15:09:21+00:00","breadcrumb":{"@id":"https:\/\/www.cnam.ie\/ga\/sinionn-coimisiun-na-mean-conradh-nua-le-virgin-media-television-limited\/#breadcrumb"},"inLanguage":"ga-IE","potentialAction":[{"@type":"ReadAction","target":["https:\/\/www.cnam.ie\/ga\/sinionn-coimisiun-na-mean-conradh-nua-le-virgin-media-television-limited\/"]}]},{"@type":"ImageObject","inLanguage":"ga-IE","@id":"https:\/\/www.cnam.ie\/ga\/sinionn-coimisiun-na-mean-conradh-nua-le-virgin-media-television-limited\/#primaryimage","url":"https:\/\/www.cnam.ie\/app\/uploads\/2023\/07\/20230726-CNAM-28-scaled-e1690548270315-1.jpg","contentUrl":"https:\/\/www.cnam.ie\/app\/uploads\/2023\/07\/20230726-CNAM-28-scaled-e1690548270315-1.jpg","width":2144,"height":1331,"caption":"Caption: (L-R) \u00c1ine N\u00ed Chaoindealbhain, Deputy Managing Director, Virgin Media Television, Paul Farrell, Managing Director, Virgin Media Television, with Celene Craig, Broadcasting Commissioner and Jeremy Godfrey, Executive Chairperson, Coimisi\u00fan na Me\u00e1n, at the signing of a new national free-to-air Television Programme Service Contract with Virgin Media Television Limited. Coimisi\u00fan na Me\u00e1n Head Office, Wednesday 26th July, 2023"},{"@type":"BreadcrumbList","@id":"https:\/\/www.cnam.ie\/ga\/sinionn-coimisiun-na-mean-conradh-nua-le-virgin-media-television-limited\/#breadcrumb","itemListElement":[{"@type":"ListItem","position":1,"name":"Home","item":"https:\/\/www.cnam.ie\/ga\/"},{"@type":"ListItem","position":2,"name":"S\u00edn\u00edonn Coimisi\u00fan na Me\u00e1n conradh nua le Virgin Media Television Limited"}]},{"@type":"WebSite","@id":"https:\/\/www.cnam.ie\/ga\/#website","url":"https:\/\/www.cnam.ie\/ga\/","name":"Coimisiun na Mean","description":"Coimisi\u00fan na Me\u00e1n","publisher":{"@id":"https:\/\/www.cnam.ie\/ga\/#organization"},"potentialAction":[{"@type":"SearchAction","target":{"@type":"EntryPoint","urlTemplate":"https:\/\/www.cnam.ie\/ga\/?s={search_term_string}"},"query-input":{"@type":"PropertyValueSpecification","valueRequired":true,"valueName":"search_term_string"}}],"inLanguage":"ga-IE"},{"@type":"Organization","@id":"https:\/\/www.cnam.ie\/ga\/#organization","name":"Coimisiun na Mean","url":"https:\/\/www.cnam.ie\/ga\/","logo":{"@type":"ImageObject","inLanguage":"ga-IE","@id":"https:\/\/www.cnam.ie\/ga\/#\/schema\/logo\/image\/","url":"https:\/\/www.cnam.ie\/app\/uploads\/2024\/12\/Website-image-with-logo.jpg","contentUrl":"https:\/\/www.cnam.ie\/app\/uploads\/2024\/12\/Website-image-with-logo.jpg","width":1200,"height":800,"caption":"Coimisiun na Mean"},"image":{"@id":"https:\/\/www.cnam.ie\/ga\/#\/schema\/logo\/image\/"},"sameAs":["https:\/\/www.facebook.com\/CNaM.Ireland\/","https:\/\/x.com\/CNaM_ie"]},{"@type":"Person","@id":"https:\/\/www.cnam.ie\/ga\/#\/schema\/person\/27e1cdc186c81a9f141ec27853ade284","name":"jcaulfield","image":{"@type":"ImageObject","inLanguage":"ga-IE","@id":"https:\/\/secure.gravatar.com\/avatar\/?s=96&d=mm&r=g","url":"https:\/\/secure.gravatar.com\/avatar\/?s=96&d=mm&r=g","contentUrl":"https:\/\/secure.gravatar.com\/avatar\/?s=96&d=mm&r=g","caption":"jcaulfield"}}]}},"spectra_custom_meta":{"_wpml_word_count":["{\"total\":272,\"to_translate\":{\"ga\":272}}","{\"total\":272,\"to_translate\":{\"en\":272}}"],"_thumbnail_id":["14020","14020"],"_edit_last":["12","12"],"_wpml_media_duplicate":["1","1"],"_wpml_media_featured":["1","1"],"_wpml_location_migration_done":["1","1"],"_edit_lock":["1737558561:12"],"_relevanssi_related_posts":["1205,3842,3062,806,2076,7629"],"_wp_page_template":["default"],"_encloseme":["1"],"_relevanssi_pin_keywords":[""],"_relevanssi_unpin_keywords":[""],"_last_translation_edit_mode":["native-editor"],"_yoast_wpseo_content_score":["60"],"_yoast_wpseo_estimated-reading-time-minutes":["2"],"_yoast_wpseo_primary_category":["18"],"_uag_css_file_name":["uag-css-7618.css"],"_uag_js_file_name":["uag-js-7618.js"]},"uagb_featured_image_src":{"full":["https:\/\/www.cnam.ie\/app\/uploads\/2023\/07\/20230726-CNAM-28-scaled-e1690548270315-1.jpg",2144,1331,false],"thumbnail":["https:\/\/www.cnam.ie\/app\/uploads\/2023\/07\/20230726-CNAM-28-scaled-e1690548270315-1-150x150.jpg",150,150,true],"medium":["https:\/\/www.cnam.ie\/app\/uploads\/2023\/07\/20230726-CNAM-28-scaled-e1690548270315-1-300x186.jpg",300,186,true],"medium_large":["https:\/\/www.cnam.ie\/app\/uploads\/2023\/07\/20230726-CNAM-28-scaled-e1690548270315-1-768x477.jpg",640,398,true],"large":["https:\/\/www.cnam.ie\/app\/uploads\/2023\/07\/20230726-CNAM-28-scaled-e1690548270315-1-1024x636.jpg",640,398,true],"1536x1536":["https:\/\/www.cnam.ie\/app\/uploads\/2023\/07\/20230726-CNAM-28-scaled-e1690548270315-1-1536x954.jpg",1536,954,true],"2048x2048":["https:\/\/www.cnam.ie\/app\/uploads\/2023\/07\/20230726-CNAM-28-scaled-e1690548270315-1-2048x1271.jpg",2048,1271,true],"gform-image-choice-sm":["https:\/\/www.cnam.ie\/app\/uploads\/2023\/07\/20230726-CNAM-28-scaled-e1690548270315-1-300x300.jpg",300,300,true],"gform-image-choice-md":["https:\/\/www.cnam.ie\/app\/uploads\/2023\/07\/20230726-CNAM-28-scaled-e1690548270315-1-400x400.jpg",400,400,true],"gform-image-choice-lg":["https:\/\/www.cnam.ie\/app\/uploads\/2023\/07\/20230726-CNAM-28-scaled-e1690548270315-1-600x600.jpg",600,600,true]},"uagb_author_info":{"display_name":"jcaulfield","author_link":"https:\/\/www.cnam.ie\/ga\/author\/jcaulfield\/"},"uagb_comment_info":0,"uagb_excerpt":"T\u00e1 comhlacht nua rialaithe agus forbartha na me\u00e1n in \u00c9irinn, Coimisi\u00fan na Me\u00e1n, tar \u00e9is comhaont\u00fa a sh\u00edn le Virgin Media Television Limited maidir le Comhaont\u00fa Seirbh\u00edse Cl\u00e1r Teilif\u00edse N\u00e1isi\u00fanta saor in aisce nua (26.07.23). Bronnadh an conartha nua de 10 mbliana ar an teilif\u00eds\u00e1la\u00ed tar \u00e9is pr\u00f3is\u00e9as chead\u00fanais a thosaigh ag iarraidh \u00dadar\u00e1s Craolach\u00e1in&hellip;","_links":{"self":[{"href":"https:\/\/www.cnam.ie\/ga\/wp-json\/wp\/v2\/posts\/7618","targetHints":{"allow":["GET"]}}],"collection":[{"href":"https:\/\/www.cnam.ie\/ga\/wp-json\/wp\/v2\/posts"}],"about":[{"href":"https:\/\/www.cnam.ie\/ga\/wp-json\/wp\/v2\/types\/post"}],"author":[{"embeddable":true,"href":"https:\/\/www.cnam.ie\/ga\/wp-json\/wp\/v2\/users\/14"}],"replies":[{"embeddable":true,"href":"https:\/\/www.cnam.ie\/ga\/wp-json\/wp\/v2\/comments?post=7618"}],"version-history":[{"count":1,"href":"https:\/\/www.cnam.ie\/ga\/wp-json\/wp\/v2\/posts\/7618\/revisions"}],"predecessor-version":[{"id":13948,"href":"https:\/\/www.cnam.ie\/ga\/wp-json\/wp\/v2\/posts\/7618\/revisions\/13948"}],"wp:featuredmedia":[{"embeddable":true,"href":"https:\/\/www.cnam.ie\/ga\/wp-json\/wp\/v2\/media\/14020"}],"wp:attachment":[{"href":"https:\/\/www.cnam.ie\/ga\/wp-json\/wp\/v2\/media?parent=7618"}],"wp:term":[{"taxonomy":"category","embeddable":true,"href":"https:\/\/www.cnam.ie\/ga\/wp-json\/wp\/v2\/categories?post=7618"},{"taxonomy":"post_tag","embeddable":true,"href":"https:\/\/www.cnam.ie\/ga\/wp-json\/wp\/v2\/tags?post=7618"}],"curies":[{"name":"wp","href":"https:\/\/api.w.org\/{rel}","templated":true}]}}