{"id":7640,"date":"2023-11-24T18:19:03","date_gmt":"2023-11-24T18:19:03","guid":{"rendered":"https:\/\/www.cnam.ie\/?p=1940"},"modified":"2025-01-22T18:57:42","modified_gmt":"2025-01-22T18:57:42","slug":"nuashonru-o-choimisiun-na-mean-tar-eis-eachtrai-foreigneacha-i-mbaile-atha-cliath-ar-an-23u-samhain","status":"publish","type":"post","link":"https:\/\/www.cnam.ie\/ga\/nuashonru-o-choimisiun-na-mean-tar-eis-eachtrai-foreigneacha-i-mbaile-atha-cliath-ar-an-23u-samhain\/","title":{"rendered":"Nuashonr\u00fa \u00f3 Choimisi\u00fan na Me\u00e1n tar \u00e9is eachtra\u00ed for\u00e9igneacha i mBaile \u00c1tha Cliath ar an 23\u00fa Samhain"},"content":{"rendered":"\n<p>Tar \u00e9is eachtra\u00ed for\u00e9igneacha inn\u00e9 i mBaile \u00c1tha Cliath, bh\u00ed cruinnithe ag Coimisi\u00fan na Me\u00e1n le hard\u00e1in inniu in \u00e9ineacht leis an gCoimisi\u00fan Eorpach chun tuilleadh eolais a fh\u00e1il faoin gcaoi ar fhreagair siad do na heachtra\u00ed a tharla ar l\u00edne agus as l\u00edne.<\/p>\n\n\n\n<p>Tr\u00e1thn\u00f3na inn\u00e9, chuir Coimisi\u00fan na Me\u00e1n in i\u00fal do na hard\u00e1in \u00e1r n-imn\u00ed faoin bhf\u00e9idearthacht go nd\u00e9anfa\u00ed \u00edomh\u00e1nna grafacha agus f\u00edse\u00e1in a roinnt, agus go n-\u00fas\u00e1idf\u00ed an eachtra mar ch\u00fais le for\u00e9igean agus fuath a ghr\u00edos\u00fa, tar \u00e9is sc\u00e9ala a fh\u00e1il faoin eachtra s\u00e1. Chuir na hard\u00e1in in i\u00fal d\u00fainn go raibh a c\u00f3rais freagartha ar theagmhais curtha i bhfeidhm acu.<\/p>\n\n\n\n<p>Gn\u00e9 na c\u00edr\u00e9ibeacha ar\u00e9ir ba ea \u00fas\u00e1id teachtaireachta\u00ed agus ard\u00e1in ar l\u00edne chun fuath a scaipeadh, chun for\u00e9igean agus coireacht a ghr\u00edos\u00fa, chomh maith le br\u00e9agaisn\u00e9is a scaipeadh. Iarrann Coimisi\u00fan na Me\u00e1n ar gach ard\u00e1n at\u00e1 bunaithe in \u00c9irinn teorainn a chur le scaipeadh an \u00e1bhair sin agus bearta a dh\u00e9anamh gan \u00e9 a mh\u00e9ad\u00fa. Spreagaimid iad freisin oibri\u00fa leis an nGarda S\u00edoch\u00e1na chun daoine a aithint a \u00fas\u00e1ideann a n-ard\u00e1in chun fuath a scaipeadh agus coireacht a ghr\u00edos\u00fa. Molaimid d\u2019eagra\u00edochta\u00ed ar bith a bhfuil fianaise acu ar an gcine\u00e1l seo \u00e1bhair at\u00e1 \u00e1 scaipeadh ar l\u00edne aird an Gharda S\u00edoch\u00e1na a thabhairt air.<\/p>\n\n\n\n<p>T\u00e1 imn\u00ed orainn i gc\u00f3na\u00ed faoi scaipeadh f\u00edse\u00e1in n\u00f3 \u00edomh\u00e1nna a thaispe\u00e1nann for\u00e9igean grafach, caint a spreagann fuath n\u00f3 for\u00e9igean, agus scaipeadh na br\u00e9agaisn\u00e9is agus na m\u00edfhaisn\u00e9is. T\u00e1 s\u00e9 beartaithe againn bualadh leis na hard\u00e1in ar\u00eds sna laethanta amach romhainn chun nuashonruithe breise a fh\u00e1il ar an gcaoi a bhfuil na hard\u00e1in ag freagairt do na himeachta\u00ed seo.<\/p>\n\n\n\n<p>Faoi Acht um Sheirbh\u00eds\u00ed Digiteacha an AE, t\u00e1 oibleag\u00e1id ar Ard\u00e1in Mh\u00f3ra Ar L\u00edne sraith riosca\u00ed a bhaineann le h\u00fas\u00e1id a gcuid seirbh\u00eds\u00ed a mheas\u00fan\u00fa agus a mhaol\u00fa, lena n-\u00e1ir\u00edtear \u00e9ifeachta\u00ed di\u00faltacha ar shl\u00e1nd\u00e1il an phobail. T\u00e1 dualgas orthu freisin \u00fadar\u00e1is forfheidhmithe dl\u00ed a chur ar an eolas m\u00e1 thagann siad ar an eolas faoi chion coiri\u00fail iarbh\u00edr n\u00f3 f\u00e9ideartha a bhaineann le s\u00e1bh\u00e1ilteacht an phobail.<\/p>\n\n\n\n<p>Leagann Coimisi\u00fan na Me\u00e1n b\u00e9im chomh l\u00e1idir agus is f\u00e9idir gur cheart do sheirbh\u00eds\u00ed ar l\u00edne gn\u00edomh\u00fa go freagrach agus a nd\u00edcheall a dh\u00e9anamh chun cosc a chur ar a gcuid seirbh\u00eds\u00ed a \u00fas\u00e1id chun an staid reatha a dh\u00e9anamh n\u00edos measa.<\/p>\n\n\n\n<p>Cuirimid fol\u00e1ireamh freisin don phobal i gcoitinne a bheith san airdeall ar mh\u00edfhaisn\u00e9is agus ar bhr\u00e9agaisn\u00e9is a scaiptear ar l\u00edne. Iarraimid orthu brath ar fhoins\u00ed faisn\u00e9ise creidi\u00fanacha agus Stop, Smaoinigh agus Seice\u00e1il agus iad ag l\u00e9amh eolais agus go h\u00e1irithe sula roinntear \u00ed.<\/p>\n\n\n\n<p><strong>CR\u00cdOCH<\/strong><\/p>\n\n\n\n<p><strong>Teagmh\u00e1il leis na me\u00e1in: Joanne Ahern, DHR Communications, Teil: 087-9881837<\/strong><\/p>\n\n\n\n<p><strong>Gach ceist eile: Coimisi\u00fan na Me\u00e1n, 01-6441200.<\/strong><\/p>\n\n\n\n<p><strong>N\u00f3ta d&#8217;Eagarth\u00f3ir\u00ed:<\/strong><\/p>\n\n\n\n<p><strong>Faoi Coimisi\u00fan na Me\u00e1n:<\/strong><\/p>\n\n\n\n<p>Is \u00e9 Coimisi\u00fan na Me\u00e1n coimisi\u00fan nua na h\u00c9ireann chun craolt\u00f3ir\u00ed, seirbh\u00eds\u00ed ar \u00e9ileamh, agus na me\u00e1in ar l\u00edne a rial\u00e1il, agus chun tac\u00fa le forbairt na me\u00e1n. Bunaithe i m\u00ed an Mh\u00e1rta 2023 faoin Acht um Sh\u00e1bh\u00e1ilteacht ar L\u00edne agus um Rial\u00e1il Me\u00e1in 2022, t\u00f3gann s\u00e9 ar obair a r\u00e9amhtheachta\u00ed, \u00dadar\u00e1s Craolach\u00e1in na h\u00c9ireann. T\u00e1 s\u00e9 freagrach as t\u00edrdhreach me\u00e1n rath\u00fail agus \u00e9ags\u00fail na h\u00c9ireann a chinnti\u00fa agus a chothabh\u00e1il a \u00e9asca\u00edonn measc\u00e1n de ghuthanna, tuairim\u00ed agus foins\u00ed nuachta agus c\u00farsa\u00ed reatha, chomh maith le timpeallacht sh\u00e1bh\u00e1ilte ar l\u00edne.<\/p>\n\n\n\n<p>Is iad a fhreagrachta\u00ed n\u00e1:<\/p>\n\n\n\n<ul class=\"wp-block-list\">\n<li>Maoirseacht a dh\u00e9anamh ar mhaoini\u00fa earn\u00e1il na me\u00e1n n\u00edos leithne in \u00c9irinn agus tac\u00fa lena forbairt.<\/li>\n\n\n\n<li>Maoirseacht a dh\u00e9anamh ar rial\u00e1il seirbh\u00eds\u00ed craolach\u00e1in agus f\u00edse\u00e1in ar \u00e9ileamh.<\/li>\n\n\n\n<li>C\u00f3ras rial\u00e1la na h\u00c9ireann a fhorbairt agus a fhorfheidhmi\u00fa maidir le s\u00e1bh\u00e1ilteacht ar l\u00edne.<\/li>\n<\/ul>\n\n\n\n<p>Is f\u00e9idir comhairle a fh\u00e1il faoi mh\u00edfhaisn\u00e9is agus faoi bhr\u00e9agaisn\u00e9is ag <a href=\"https:\/\/www.bemediasmart.ie\/\">https:\/\/www.bemediasmart.ie\/<\/a><\/p>\n","protected":false},"excerpt":{"rendered":"<p>Tar \u00e9is eachtra\u00ed for\u00e9igneacha inn\u00e9 i mBaile \u00c1tha Cliath, bh\u00ed cruinnithe ag Coimisi\u00fan na Me\u00e1n le hard\u00e1in inniu in \u00e9ineacht leis an gCoimisi\u00fan Eorpach chun tuilleadh eolais a fh\u00e1il faoin gcaoi ar fhreagair siad do na heachtra\u00ed a tharla ar l\u00edne agus as l\u00edne. Tr\u00e1thn\u00f3na inn\u00e9, chuir Coimisi\u00fan na Me\u00e1n in i\u00fal do na hard\u00e1in [&hellip;]<\/p>\n","protected":false},"author":14,"featured_media":5944,"comment_status":"closed","ping_status":"closed","sticky":false,"template":"","format":"standard","meta":{"_acf_changed":false,"_relevanssi_hide_post":"","_relevanssi_hide_content":"","_relevanssi_pin_for_all":"","_relevanssi_pin_keywords":"","_relevanssi_unpin_keywords":"","_relevanssi_related_keywords":"","_relevanssi_related_include_ids":"","_relevanssi_related_exclude_ids":"","_relevanssi_related_no_append":"","_relevanssi_related_not_related":"","_relevanssi_related_posts":"858,806,7623,7610,7630,7605","_relevanssi_noindex_reason":"","_uag_custom_page_level_css":"","footnotes":""},"categories":[99,95],"tags":[],"class_list":["post-7640","post","type-post","status-publish","format-standard","has-post-thumbnail","hentry","category-sabhailteacht-ar-line","category-seirbhisi-digiteacha"],"acf":[],"yoast_head":"<!-- This site is optimized with the Yoast SEO plugin v27.5 - https:\/\/yoast.com\/product\/yoast-seo-wordpress\/ -->\n<title>Nuashonr\u00fa \u00f3 Choimisi\u00fan na Me\u00e1n tar \u00e9is eachtra\u00ed for\u00e9igneacha i mBaile \u00c1tha Cliath ar an 23\u00fa Samhain - Coimisi\u00fan na Me\u00e1n<\/title>\n<meta name=\"robots\" content=\"index, follow, max-snippet:-1, max-image-preview:large, max-video-preview:-1\" \/>\n<link rel=\"canonical\" href=\"https:\/\/www.cnam.ie\/ga\/nuashonru-o-choimisiun-na-mean-tar-eis-eachtrai-foreigneacha-i-mbaile-atha-cliath-ar-an-23u-samhain\/\" \/>\n<meta property=\"og:locale\" content=\"ga_IE\" \/>\n<meta property=\"og:type\" content=\"article\" \/>\n<meta property=\"og:title\" content=\"Nuashonr\u00fa \u00f3 Choimisi\u00fan na Me\u00e1n tar \u00e9is eachtra\u00ed for\u00e9igneacha i mBaile \u00c1tha Cliath ar an 23\u00fa Samhain - Coimisi\u00fan na Me\u00e1n\" \/>\n<meta property=\"og:description\" content=\"Tar \u00e9is eachtra\u00ed for\u00e9igneacha inn\u00e9 i mBaile \u00c1tha Cliath, bh\u00ed cruinnithe ag Coimisi\u00fan na Me\u00e1n le hard\u00e1in inniu in \u00e9ineacht leis an gCoimisi\u00fan Eorpach chun tuilleadh eolais a fh\u00e1il faoin gcaoi ar fhreagair siad do na heachtra\u00ed a tharla ar l\u00edne agus as l\u00edne. Tr\u00e1thn\u00f3na inn\u00e9, chuir Coimisi\u00fan na Me\u00e1n in i\u00fal do na hard\u00e1in [&hellip;]\" \/>\n<meta property=\"og:url\" content=\"https:\/\/www.cnam.ie\/ga\/nuashonru-o-choimisiun-na-mean-tar-eis-eachtrai-foreigneacha-i-mbaile-atha-cliath-ar-an-23u-samhain\/\" \/>\n<meta property=\"og:site_name\" content=\"Coimisi\u00fan na Me\u00e1n\" \/>\n<meta property=\"article:publisher\" content=\"https:\/\/www.facebook.com\/CNaM.Ireland\/\" \/>\n<meta property=\"article:published_time\" content=\"2023-11-24T18:19:03+00:00\" \/>\n<meta property=\"article:modified_time\" content=\"2025-01-22T18:57:42+00:00\" \/>\n<meta property=\"og:image\" content=\"https:\/\/www.cnam.ie\/app\/uploads\/2023\/10\/MicrosoftTeams-image-11.jpg\" \/>\n\t<meta property=\"og:image:width\" content=\"973\" \/>\n\t<meta property=\"og:image:height\" content=\"517\" \/>\n\t<meta property=\"og:image:type\" content=\"image\/jpeg\" \/>\n<meta name=\"author\" content=\"jcaulfield\" \/>\n<meta name=\"twitter:card\" content=\"summary_large_image\" \/>\n<meta name=\"twitter:creator\" content=\"@CNaM_ie\" \/>\n<meta name=\"twitter:site\" content=\"@CNaM_ie\" \/>\n<meta name=\"twitter:label1\" content=\"Written by\" \/>\n\t<meta name=\"twitter:data1\" content=\"jcaulfield\" \/>\n\t<meta name=\"twitter:label2\" content=\"Est. reading time\" \/>\n\t<meta name=\"twitter:data2\" content=\"3 minutes\" \/>\n<script type=\"application\/ld+json\" class=\"yoast-schema-graph\">{\"@context\":\"https:\\\/\\\/schema.org\",\"@graph\":[{\"@type\":\"Article\",\"@id\":\"https:\\\/\\\/www.cnam.ie\\\/ga\\\/nuashonru-o-choimisiun-na-mean-tar-eis-eachtrai-foreigneacha-i-mbaile-atha-cliath-ar-an-23u-samhain\\\/#article\",\"isPartOf\":{\"@id\":\"https:\\\/\\\/www.cnam.ie\\\/ga\\\/nuashonru-o-choimisiun-na-mean-tar-eis-eachtrai-foreigneacha-i-mbaile-atha-cliath-ar-an-23u-samhain\\\/\"},\"author\":{\"name\":\"jcaulfield\",\"@id\":\"https:\\\/\\\/www.cnam.ie\\\/ga\\\/#\\\/schema\\\/person\\\/27e1cdc186c81a9f141ec27853ade284\"},\"headline\":\"Nuashonr\u00fa \u00f3 Choimisi\u00fan na Me\u00e1n tar \u00e9is eachtra\u00ed for\u00e9igneacha i mBaile \u00c1tha Cliath ar an 23\u00fa Samhain\",\"datePublished\":\"2023-11-24T18:19:03+00:00\",\"dateModified\":\"2025-01-22T18:57:42+00:00\",\"mainEntityOfPage\":{\"@id\":\"https:\\\/\\\/www.cnam.ie\\\/ga\\\/nuashonru-o-choimisiun-na-mean-tar-eis-eachtrai-foreigneacha-i-mbaile-atha-cliath-ar-an-23u-samhain\\\/\"},\"wordCount\":786,\"publisher\":{\"@id\":\"https:\\\/\\\/www.cnam.ie\\\/ga\\\/#organization\"},\"image\":{\"@id\":\"https:\\\/\\\/www.cnam.ie\\\/ga\\\/nuashonru-o-choimisiun-na-mean-tar-eis-eachtrai-foreigneacha-i-mbaile-atha-cliath-ar-an-23u-samhain\\\/#primaryimage\"},\"thumbnailUrl\":\"https:\\\/\\\/www.cnam.ie\\\/app\\\/uploads\\\/2023\\\/10\\\/MicrosoftTeams-image-11.jpg\",\"articleSection\":[\"S\u00e1bh\u00e1ilteacht ar l\u00edne\",\"Seirbh\u00eds\u00ed digiteacha\"],\"inLanguage\":\"ga-IE\"},{\"@type\":\"WebPage\",\"@id\":\"https:\\\/\\\/www.cnam.ie\\\/ga\\\/nuashonru-o-choimisiun-na-mean-tar-eis-eachtrai-foreigneacha-i-mbaile-atha-cliath-ar-an-23u-samhain\\\/\",\"url\":\"https:\\\/\\\/www.cnam.ie\\\/ga\\\/nuashonru-o-choimisiun-na-mean-tar-eis-eachtrai-foreigneacha-i-mbaile-atha-cliath-ar-an-23u-samhain\\\/\",\"name\":\"Nuashonr\u00fa \u00f3 Choimisi\u00fan na Me\u00e1n tar \u00e9is eachtra\u00ed for\u00e9igneacha i mBaile \u00c1tha Cliath ar an 23\u00fa Samhain - Coimisi\u00fan na Me\u00e1n\",\"isPartOf\":{\"@id\":\"https:\\\/\\\/www.cnam.ie\\\/ga\\\/#website\"},\"primaryImageOfPage\":{\"@id\":\"https:\\\/\\\/www.cnam.ie\\\/ga\\\/nuashonru-o-choimisiun-na-mean-tar-eis-eachtrai-foreigneacha-i-mbaile-atha-cliath-ar-an-23u-samhain\\\/#primaryimage\"},\"image\":{\"@id\":\"https:\\\/\\\/www.cnam.ie\\\/ga\\\/nuashonru-o-choimisiun-na-mean-tar-eis-eachtrai-foreigneacha-i-mbaile-atha-cliath-ar-an-23u-samhain\\\/#primaryimage\"},\"thumbnailUrl\":\"https:\\\/\\\/www.cnam.ie\\\/app\\\/uploads\\\/2023\\\/10\\\/MicrosoftTeams-image-11.jpg\",\"datePublished\":\"2023-11-24T18:19:03+00:00\",\"dateModified\":\"2025-01-22T18:57:42+00:00\",\"breadcrumb\":{\"@id\":\"https:\\\/\\\/www.cnam.ie\\\/ga\\\/nuashonru-o-choimisiun-na-mean-tar-eis-eachtrai-foreigneacha-i-mbaile-atha-cliath-ar-an-23u-samhain\\\/#breadcrumb\"},\"inLanguage\":\"ga-IE\",\"potentialAction\":[{\"@type\":\"ReadAction\",\"target\":[\"https:\\\/\\\/www.cnam.ie\\\/ga\\\/nuashonru-o-choimisiun-na-mean-tar-eis-eachtrai-foreigneacha-i-mbaile-atha-cliath-ar-an-23u-samhain\\\/\"]}]},{\"@type\":\"ImageObject\",\"inLanguage\":\"ga-IE\",\"@id\":\"https:\\\/\\\/www.cnam.ie\\\/ga\\\/nuashonru-o-choimisiun-na-mean-tar-eis-eachtrai-foreigneacha-i-mbaile-atha-cliath-ar-an-23u-samhain\\\/#primaryimage\",\"url\":\"https:\\\/\\\/www.cnam.ie\\\/app\\\/uploads\\\/2023\\\/10\\\/MicrosoftTeams-image-11.jpg\",\"contentUrl\":\"https:\\\/\\\/www.cnam.ie\\\/app\\\/uploads\\\/2023\\\/10\\\/MicrosoftTeams-image-11.jpg\",\"width\":973,\"height\":517,\"caption\":\"Celene Craig to step down from Broadcasting and Video-on-Demand Commissioner role\"},{\"@type\":\"BreadcrumbList\",\"@id\":\"https:\\\/\\\/www.cnam.ie\\\/ga\\\/nuashonru-o-choimisiun-na-mean-tar-eis-eachtrai-foreigneacha-i-mbaile-atha-cliath-ar-an-23u-samhain\\\/#breadcrumb\",\"itemListElement\":[{\"@type\":\"ListItem\",\"position\":1,\"name\":\"Home\",\"item\":\"https:\\\/\\\/www.cnam.ie\\\/ga\\\/\"},{\"@type\":\"ListItem\",\"position\":2,\"name\":\"Nuashonr\u00fa \u00f3 Choimisi\u00fan na Me\u00e1n tar \u00e9is eachtra\u00ed for\u00e9igneacha i mBaile \u00c1tha Cliath ar an 23\u00fa Samhain\"}]},{\"@type\":\"WebSite\",\"@id\":\"https:\\\/\\\/www.cnam.ie\\\/ga\\\/#website\",\"url\":\"https:\\\/\\\/www.cnam.ie\\\/ga\\\/\",\"name\":\"Coimisiun na Mean\",\"description\":\"Coimisi\u00fan na Me\u00e1n\",\"publisher\":{\"@id\":\"https:\\\/\\\/www.cnam.ie\\\/ga\\\/#organization\"},\"potentialAction\":[{\"@type\":\"SearchAction\",\"target\":{\"@type\":\"EntryPoint\",\"urlTemplate\":\"https:\\\/\\\/www.cnam.ie\\\/ga\\\/?s={search_term_string}\"},\"query-input\":{\"@type\":\"PropertyValueSpecification\",\"valueRequired\":true,\"valueName\":\"search_term_string\"}}],\"inLanguage\":\"ga-IE\"},{\"@type\":\"Organization\",\"@id\":\"https:\\\/\\\/www.cnam.ie\\\/ga\\\/#organization\",\"name\":\"Coimisiun na Mean\",\"url\":\"https:\\\/\\\/www.cnam.ie\\\/ga\\\/\",\"logo\":{\"@type\":\"ImageObject\",\"inLanguage\":\"ga-IE\",\"@id\":\"https:\\\/\\\/www.cnam.ie\\\/ga\\\/#\\\/schema\\\/logo\\\/image\\\/\",\"url\":\"https:\\\/\\\/www.cnam.ie\\\/app\\\/uploads\\\/2024\\\/12\\\/Website-image-with-logo.jpg\",\"contentUrl\":\"https:\\\/\\\/www.cnam.ie\\\/app\\\/uploads\\\/2024\\\/12\\\/Website-image-with-logo.jpg\",\"width\":1200,\"height\":800,\"caption\":\"Coimisiun na Mean\"},\"image\":{\"@id\":\"https:\\\/\\\/www.cnam.ie\\\/ga\\\/#\\\/schema\\\/logo\\\/image\\\/\"},\"sameAs\":[\"https:\\\/\\\/www.facebook.com\\\/CNaM.Ireland\\\/\",\"https:\\\/\\\/x.com\\\/CNaM_ie\"]},{\"@type\":\"Person\",\"@id\":\"https:\\\/\\\/www.cnam.ie\\\/ga\\\/#\\\/schema\\\/person\\\/27e1cdc186c81a9f141ec27853ade284\",\"name\":\"jcaulfield\",\"image\":{\"@type\":\"ImageObject\",\"inLanguage\":\"ga-IE\",\"@id\":\"https:\\\/\\\/secure.gravatar.com\\\/avatar\\\/?s=96&d=mm&r=g\",\"url\":\"https:\\\/\\\/secure.gravatar.com\\\/avatar\\\/?s=96&d=mm&r=g\",\"contentUrl\":\"https:\\\/\\\/secure.gravatar.com\\\/avatar\\\/?s=96&d=mm&r=g\",\"caption\":\"jcaulfield\"}}]}<\/script>\n<!-- \/ Yoast SEO plugin. -->","yoast_head_json":{"title":"Nuashonr\u00fa \u00f3 Choimisi\u00fan na Me\u00e1n tar \u00e9is eachtra\u00ed for\u00e9igneacha i mBaile \u00c1tha Cliath ar an 23\u00fa Samhain - Coimisi\u00fan na Me\u00e1n","robots":{"index":"index","follow":"follow","max-snippet":"max-snippet:-1","max-image-preview":"max-image-preview:large","max-video-preview":"max-video-preview:-1"},"canonical":"https:\/\/www.cnam.ie\/ga\/nuashonru-o-choimisiun-na-mean-tar-eis-eachtrai-foreigneacha-i-mbaile-atha-cliath-ar-an-23u-samhain\/","og_locale":"ga_IE","og_type":"article","og_title":"Nuashonr\u00fa \u00f3 Choimisi\u00fan na Me\u00e1n tar \u00e9is eachtra\u00ed for\u00e9igneacha i mBaile \u00c1tha Cliath ar an 23\u00fa Samhain - Coimisi\u00fan na Me\u00e1n","og_description":"Tar \u00e9is eachtra\u00ed for\u00e9igneacha inn\u00e9 i mBaile \u00c1tha Cliath, bh\u00ed cruinnithe ag Coimisi\u00fan na Me\u00e1n le hard\u00e1in inniu in \u00e9ineacht leis an gCoimisi\u00fan Eorpach chun tuilleadh eolais a fh\u00e1il faoin gcaoi ar fhreagair siad do na heachtra\u00ed a tharla ar l\u00edne agus as l\u00edne. Tr\u00e1thn\u00f3na inn\u00e9, chuir Coimisi\u00fan na Me\u00e1n in i\u00fal do na hard\u00e1in [&hellip;]","og_url":"https:\/\/www.cnam.ie\/ga\/nuashonru-o-choimisiun-na-mean-tar-eis-eachtrai-foreigneacha-i-mbaile-atha-cliath-ar-an-23u-samhain\/","og_site_name":"Coimisi\u00fan na Me\u00e1n","article_publisher":"https:\/\/www.facebook.com\/CNaM.Ireland\/","article_published_time":"2023-11-24T18:19:03+00:00","article_modified_time":"2025-01-22T18:57:42+00:00","og_image":[{"width":973,"height":517,"url":"https:\/\/www.cnam.ie\/app\/uploads\/2023\/10\/MicrosoftTeams-image-11.jpg","type":"image\/jpeg"}],"author":"jcaulfield","twitter_card":"summary_large_image","twitter_creator":"@CNaM_ie","twitter_site":"@CNaM_ie","twitter_misc":{"Written by":"jcaulfield","Est. reading time":"3 minutes"},"schema":{"@context":"https:\/\/schema.org","@graph":[{"@type":"Article","@id":"https:\/\/www.cnam.ie\/ga\/nuashonru-o-choimisiun-na-mean-tar-eis-eachtrai-foreigneacha-i-mbaile-atha-cliath-ar-an-23u-samhain\/#article","isPartOf":{"@id":"https:\/\/www.cnam.ie\/ga\/nuashonru-o-choimisiun-na-mean-tar-eis-eachtrai-foreigneacha-i-mbaile-atha-cliath-ar-an-23u-samhain\/"},"author":{"name":"jcaulfield","@id":"https:\/\/www.cnam.ie\/ga\/#\/schema\/person\/27e1cdc186c81a9f141ec27853ade284"},"headline":"Nuashonr\u00fa \u00f3 Choimisi\u00fan na Me\u00e1n tar \u00e9is eachtra\u00ed for\u00e9igneacha i mBaile \u00c1tha Cliath ar an 23\u00fa Samhain","datePublished":"2023-11-24T18:19:03+00:00","dateModified":"2025-01-22T18:57:42+00:00","mainEntityOfPage":{"@id":"https:\/\/www.cnam.ie\/ga\/nuashonru-o-choimisiun-na-mean-tar-eis-eachtrai-foreigneacha-i-mbaile-atha-cliath-ar-an-23u-samhain\/"},"wordCount":786,"publisher":{"@id":"https:\/\/www.cnam.ie\/ga\/#organization"},"image":{"@id":"https:\/\/www.cnam.ie\/ga\/nuashonru-o-choimisiun-na-mean-tar-eis-eachtrai-foreigneacha-i-mbaile-atha-cliath-ar-an-23u-samhain\/#primaryimage"},"thumbnailUrl":"https:\/\/www.cnam.ie\/app\/uploads\/2023\/10\/MicrosoftTeams-image-11.jpg","articleSection":["S\u00e1bh\u00e1ilteacht ar l\u00edne","Seirbh\u00eds\u00ed digiteacha"],"inLanguage":"ga-IE"},{"@type":"WebPage","@id":"https:\/\/www.cnam.ie\/ga\/nuashonru-o-choimisiun-na-mean-tar-eis-eachtrai-foreigneacha-i-mbaile-atha-cliath-ar-an-23u-samhain\/","url":"https:\/\/www.cnam.ie\/ga\/nuashonru-o-choimisiun-na-mean-tar-eis-eachtrai-foreigneacha-i-mbaile-atha-cliath-ar-an-23u-samhain\/","name":"Nuashonr\u00fa \u00f3 Choimisi\u00fan na Me\u00e1n tar \u00e9is eachtra\u00ed for\u00e9igneacha i mBaile \u00c1tha Cliath ar an 23\u00fa Samhain - Coimisi\u00fan na Me\u00e1n","isPartOf":{"@id":"https:\/\/www.cnam.ie\/ga\/#website"},"primaryImageOfPage":{"@id":"https:\/\/www.cnam.ie\/ga\/nuashonru-o-choimisiun-na-mean-tar-eis-eachtrai-foreigneacha-i-mbaile-atha-cliath-ar-an-23u-samhain\/#primaryimage"},"image":{"@id":"https:\/\/www.cnam.ie\/ga\/nuashonru-o-choimisiun-na-mean-tar-eis-eachtrai-foreigneacha-i-mbaile-atha-cliath-ar-an-23u-samhain\/#primaryimage"},"thumbnailUrl":"https:\/\/www.cnam.ie\/app\/uploads\/2023\/10\/MicrosoftTeams-image-11.jpg","datePublished":"2023-11-24T18:19:03+00:00","dateModified":"2025-01-22T18:57:42+00:00","breadcrumb":{"@id":"https:\/\/www.cnam.ie\/ga\/nuashonru-o-choimisiun-na-mean-tar-eis-eachtrai-foreigneacha-i-mbaile-atha-cliath-ar-an-23u-samhain\/#breadcrumb"},"inLanguage":"ga-IE","potentialAction":[{"@type":"ReadAction","target":["https:\/\/www.cnam.ie\/ga\/nuashonru-o-choimisiun-na-mean-tar-eis-eachtrai-foreigneacha-i-mbaile-atha-cliath-ar-an-23u-samhain\/"]}]},{"@type":"ImageObject","inLanguage":"ga-IE","@id":"https:\/\/www.cnam.ie\/ga\/nuashonru-o-choimisiun-na-mean-tar-eis-eachtrai-foreigneacha-i-mbaile-atha-cliath-ar-an-23u-samhain\/#primaryimage","url":"https:\/\/www.cnam.ie\/app\/uploads\/2023\/10\/MicrosoftTeams-image-11.jpg","contentUrl":"https:\/\/www.cnam.ie\/app\/uploads\/2023\/10\/MicrosoftTeams-image-11.jpg","width":973,"height":517,"caption":"Celene Craig to step down from Broadcasting and Video-on-Demand Commissioner role"},{"@type":"BreadcrumbList","@id":"https:\/\/www.cnam.ie\/ga\/nuashonru-o-choimisiun-na-mean-tar-eis-eachtrai-foreigneacha-i-mbaile-atha-cliath-ar-an-23u-samhain\/#breadcrumb","itemListElement":[{"@type":"ListItem","position":1,"name":"Home","item":"https:\/\/www.cnam.ie\/ga\/"},{"@type":"ListItem","position":2,"name":"Nuashonr\u00fa \u00f3 Choimisi\u00fan na Me\u00e1n tar \u00e9is eachtra\u00ed for\u00e9igneacha i mBaile \u00c1tha Cliath ar an 23\u00fa Samhain"}]},{"@type":"WebSite","@id":"https:\/\/www.cnam.ie\/ga\/#website","url":"https:\/\/www.cnam.ie\/ga\/","name":"Coimisiun na Mean","description":"Coimisi\u00fan na Me\u00e1n","publisher":{"@id":"https:\/\/www.cnam.ie\/ga\/#organization"},"potentialAction":[{"@type":"SearchAction","target":{"@type":"EntryPoint","urlTemplate":"https:\/\/www.cnam.ie\/ga\/?s={search_term_string}"},"query-input":{"@type":"PropertyValueSpecification","valueRequired":true,"valueName":"search_term_string"}}],"inLanguage":"ga-IE"},{"@type":"Organization","@id":"https:\/\/www.cnam.ie\/ga\/#organization","name":"Coimisiun na Mean","url":"https:\/\/www.cnam.ie\/ga\/","logo":{"@type":"ImageObject","inLanguage":"ga-IE","@id":"https:\/\/www.cnam.ie\/ga\/#\/schema\/logo\/image\/","url":"https:\/\/www.cnam.ie\/app\/uploads\/2024\/12\/Website-image-with-logo.jpg","contentUrl":"https:\/\/www.cnam.ie\/app\/uploads\/2024\/12\/Website-image-with-logo.jpg","width":1200,"height":800,"caption":"Coimisiun na Mean"},"image":{"@id":"https:\/\/www.cnam.ie\/ga\/#\/schema\/logo\/image\/"},"sameAs":["https:\/\/www.facebook.com\/CNaM.Ireland\/","https:\/\/x.com\/CNaM_ie"]},{"@type":"Person","@id":"https:\/\/www.cnam.ie\/ga\/#\/schema\/person\/27e1cdc186c81a9f141ec27853ade284","name":"jcaulfield","image":{"@type":"ImageObject","inLanguage":"ga-IE","@id":"https:\/\/secure.gravatar.com\/avatar\/?s=96&d=mm&r=g","url":"https:\/\/secure.gravatar.com\/avatar\/?s=96&d=mm&r=g","contentUrl":"https:\/\/secure.gravatar.com\/avatar\/?s=96&d=mm&r=g","caption":"jcaulfield"}}]}},"spectra_custom_meta":{"_wpml_word_count":["{\"total\":630,\"to_translate\":{\"ga\":630}}","{\"total\":630,\"to_translate\":{\"en\":630}}"],"_thumbnail_id":["5944","5944"],"_edit_last":["5","5"],"_wpml_media_duplicate":["1","1"],"_wpml_media_featured":["1","1"],"_yoast_wpseo_content_score":["30","30"],"_yoast_wpseo_estimated-reading-time-minutes":["3","3"],"_yoast_wpseo_wordproof_timestamp":["",""],"_edit_lock":["1737572262:5"],"_relevanssi_related_posts":["858,806,7623,7610,7630,7605"],"_yoast_wpseo_primary_category":["1","1"],"_wpml_location_migration_done":["1"],"_wp_page_template":["default"],"_encloseme":["1"],"_relevanssi_pin_keywords":[""],"_relevanssi_unpin_keywords":[""],"_last_translation_edit_mode":["translation-editor"],"_uag_css_file_name":["uag-css-7640.css"],"_uag_js_file_name":["uag-js-7640.js"]},"uagb_featured_image_src":{"full":["https:\/\/www.cnam.ie\/app\/uploads\/2023\/10\/MicrosoftTeams-image-11.jpg",973,517,false],"thumbnail":["https:\/\/www.cnam.ie\/app\/uploads\/2023\/10\/MicrosoftTeams-image-11-150x150.jpg",150,150,true],"medium":["https:\/\/www.cnam.ie\/app\/uploads\/2023\/10\/MicrosoftTeams-image-11-300x159.jpg",300,159,true],"medium_large":["https:\/\/www.cnam.ie\/app\/uploads\/2023\/10\/MicrosoftTeams-image-11-768x408.jpg",640,340,true],"large":["https:\/\/www.cnam.ie\/app\/uploads\/2023\/10\/MicrosoftTeams-image-11.jpg",640,340,false],"1536x1536":["https:\/\/www.cnam.ie\/app\/uploads\/2023\/10\/MicrosoftTeams-image-11.jpg",973,517,false],"2048x2048":["https:\/\/www.cnam.ie\/app\/uploads\/2023\/10\/MicrosoftTeams-image-11.jpg",973,517,false],"gform-image-choice-sm":["https:\/\/www.cnam.ie\/app\/uploads\/2023\/10\/MicrosoftTeams-image-11.jpg",300,159,false],"gform-image-choice-md":["https:\/\/www.cnam.ie\/app\/uploads\/2023\/10\/MicrosoftTeams-image-11.jpg",400,213,false],"gform-image-choice-lg":["https:\/\/www.cnam.ie\/app\/uploads\/2023\/10\/MicrosoftTeams-image-11.jpg",600,319,false]},"uagb_author_info":{"display_name":"jcaulfield","author_link":"https:\/\/www.cnam.ie\/ga\/author\/jcaulfield\/"},"uagb_comment_info":0,"uagb_excerpt":"Tar \u00e9is eachtra\u00ed for\u00e9igneacha inn\u00e9 i mBaile \u00c1tha Cliath, bh\u00ed cruinnithe ag Coimisi\u00fan na Me\u00e1n le hard\u00e1in inniu in \u00e9ineacht leis an gCoimisi\u00fan Eorpach chun tuilleadh eolais a fh\u00e1il faoin gcaoi ar fhreagair siad do na heachtra\u00ed a tharla ar l\u00edne agus as l\u00edne. Tr\u00e1thn\u00f3na inn\u00e9, chuir Coimisi\u00fan na Me\u00e1n in i\u00fal do na hard\u00e1in&hellip;","_links":{"self":[{"href":"https:\/\/www.cnam.ie\/ga\/wp-json\/wp\/v2\/posts\/7640","targetHints":{"allow":["GET"]}}],"collection":[{"href":"https:\/\/www.cnam.ie\/ga\/wp-json\/wp\/v2\/posts"}],"about":[{"href":"https:\/\/www.cnam.ie\/ga\/wp-json\/wp\/v2\/types\/post"}],"author":[{"embeddable":true,"href":"https:\/\/www.cnam.ie\/ga\/wp-json\/wp\/v2\/users\/14"}],"replies":[{"embeddable":true,"href":"https:\/\/www.cnam.ie\/ga\/wp-json\/wp\/v2\/comments?post=7640"}],"version-history":[{"count":1,"href":"https:\/\/www.cnam.ie\/ga\/wp-json\/wp\/v2\/posts\/7640\/revisions"}],"predecessor-version":[{"id":13825,"href":"https:\/\/www.cnam.ie\/ga\/wp-json\/wp\/v2\/posts\/7640\/revisions\/13825"}],"wp:featuredmedia":[{"embeddable":true,"href":"https:\/\/www.cnam.ie\/ga\/wp-json\/wp\/v2\/media\/5944"}],"wp:attachment":[{"href":"https:\/\/www.cnam.ie\/ga\/wp-json\/wp\/v2\/media?parent=7640"}],"wp:term":[{"taxonomy":"category","embeddable":true,"href":"https:\/\/www.cnam.ie\/ga\/wp-json\/wp\/v2\/categories?post=7640"},{"taxonomy":"post_tag","embeddable":true,"href":"https:\/\/www.cnam.ie\/ga\/wp-json\/wp\/v2\/tags?post=7640"}],"curies":[{"name":"wp","href":"https:\/\/api.w.org\/{rel}","templated":true}]}}