{"id":7642,"date":"2023-11-30T12:32:24","date_gmt":"2023-11-30T12:32:24","guid":{"rendered":"https:\/\/www.cnam.ie\/?p=1956"},"modified":"2025-01-23T10:13:52","modified_gmt":"2025-01-23T10:13:52","slug":"foilsionn-coimisiun-na-mean-a-chead-chlar-de-sholathraithe-seirbhise-mean","status":"publish","type":"post","link":"https:\/\/www.cnam.ie\/ga\/foilsionn-coimisiun-na-mean-a-chead-chlar-de-sholathraithe-seirbhise-mean\/","title":{"rendered":"Foils\u00edonn Coimisi\u00fan na Me\u00e1n a Ch\u00e9ad Chl\u00e1r de Shol\u00e1thraithe Seirbh\u00edse Me\u00e1n"},"content":{"rendered":"\n<p>Foils\u00edonn Coimisi\u00fan na Me\u00e1n anois an ch\u00e9ad <a href=\"https:\/\/www.cnam.ie\/app\/uploads\/2023\/11\/20231130_Register_Media_Service_Providers_Landscape-1.pdf\">Chl\u00e1r de Shol\u00e1thraithe Seirbh\u00edse Me\u00e1n<\/a> at\u00e1 faoi r\u00e9ir cl\u00e1r\u00fach\u00e1in faoin Acht Craolach\u00e1in 2009 arna leas\u00fa. Ceangla\u00edtear ar an gCoimisi\u00fan cl\u00e1r de shol\u00e1thraithe seirbh\u00edse me\u00e1n at\u00e1 faoi dhl\u00ednse an St\u00e1it a choime\u00e1d, agus t\u00e1 cumhachta\u00ed forfheidhmithe aige chun treoracha a eisi\u00faint do shol\u00e1thraithe, i gc\u00e1s ina ndealra\u00edonn gur theip orthu pr\u00f3iseas f\u00f3gartha an Choimisi\u00fain a chomhl\u00edonadh.<\/p>\n\n\n\n<p>T\u00e1 na hiontr\u00e1lacha reatha sa Chl\u00e1r bunaithe ar fh\u00f3gra\u00ed a cuireadh faoi bhr\u00e1id an Choimisi\u00fain agus ar chinnt\u00ed a rinne an Coimisi\u00fan an 9 Samhain 2023 n\u00f3 roimhe sin, agus t\u00e1 an fhaisn\u00e9is san \u00e1ireamh faoi shainord\u00fa <a href=\"https:\/\/protect-eu.mimecast.com\/s\/S5mEC1m6cqzwxCLreuf?domain=cnam.ie\">Rialacha<\/a> arna bhfoilsi\u00fa ag an gCoimisi\u00fan an 4 Bealtaine 2022. T\u00e1 doch\u00falacht ann go gcuirfear iontr\u00e1lacha breise sa Chl\u00e1r in am tr\u00e1tha, tar \u00e9is breithni\u00fa a dh\u00e9anamh ar fh\u00f3gra\u00ed breise a fhaigheann an Coimisi\u00fan.<\/p>\n\n\n\n<p>Is f\u00e9idir an Cl\u00e1r reatha a fh\u00e1il <a href=\"https:\/\/www.cnam.ie\/app\/uploads\/2023\/11\/20231130_Register_Media_Service_Providers_Landscape-1.pdf\">anseo<\/a>.<\/p>\n\n\n\n<p>CR\u00cdOCH<\/p>\n","protected":false},"excerpt":{"rendered":"<p>Foils\u00edonn Coimisi\u00fan na Me\u00e1n anois an ch\u00e9ad Chl\u00e1r de Shol\u00e1thraithe Seirbh\u00edse Me\u00e1n at\u00e1 faoi r\u00e9ir cl\u00e1r\u00fach\u00e1in faoin Acht Craolach\u00e1in 2009 arna leas\u00fa. Ceangla\u00edtear ar an gCoimisi\u00fan cl\u00e1r de shol\u00e1thraithe seirbh\u00edse me\u00e1n at\u00e1 faoi dhl\u00ednse an St\u00e1it a choime\u00e1d, agus t\u00e1 cumhachta\u00ed forfheidhmithe aige chun treoracha a eisi\u00faint do shol\u00e1thraithe, i gc\u00e1s ina ndealra\u00edonn gur theip [&hellip;]<\/p>\n","protected":false},"author":14,"featured_media":6618,"comment_status":"closed","ping_status":"closed","sticky":false,"template":"","format":"standard","meta":{"_acf_changed":false,"_relevanssi_hide_post":"","_relevanssi_hide_content":"","_relevanssi_pin_for_all":"","_relevanssi_pin_keywords":"","_relevanssi_unpin_keywords":"","_relevanssi_related_keywords":"","_relevanssi_related_include_ids":"","_relevanssi_related_exclude_ids":"","_relevanssi_related_no_append":"","_relevanssi_related_not_related":"","_relevanssi_related_posts":"7605,7610,858,7614,7637,7623","_relevanssi_noindex_reason":"","_uag_custom_page_level_css":"","footnotes":""},"categories":[93],"tags":[],"class_list":["post-7642","post","type-post","status-publish","format-standard","has-post-thumbnail","hentry","category-craolachan-fisean-ar-eileamh"],"acf":[],"yoast_head":"<!-- This site is optimized with the Yoast SEO plugin v27.5 - https:\/\/yoast.com\/product\/yoast-seo-wordpress\/ -->\n<title>Foils\u00edonn Coimisi\u00fan na Me\u00e1n a Ch\u00e9ad Chl\u00e1r de Shol\u00e1thraithe Seirbh\u00edse Me\u00e1n - Coimisi\u00fan na Me\u00e1n<\/title>\n<meta name=\"robots\" content=\"index, follow, max-snippet:-1, max-image-preview:large, max-video-preview:-1\" \/>\n<link rel=\"canonical\" href=\"https:\/\/www.cnam.ie\/ga\/foilsionn-coimisiun-na-mean-a-chead-chlar-de-sholathraithe-seirbhise-mean\/\" \/>\n<meta property=\"og:locale\" content=\"ga_IE\" \/>\n<meta property=\"og:type\" content=\"article\" \/>\n<meta property=\"og:title\" content=\"Foils\u00edonn Coimisi\u00fan na Me\u00e1n a Ch\u00e9ad Chl\u00e1r de Shol\u00e1thraithe Seirbh\u00edse Me\u00e1n - Coimisi\u00fan na Me\u00e1n\" \/>\n<meta property=\"og:description\" content=\"Foils\u00edonn Coimisi\u00fan na Me\u00e1n anois an ch\u00e9ad Chl\u00e1r de Shol\u00e1thraithe Seirbh\u00edse Me\u00e1n at\u00e1 faoi r\u00e9ir cl\u00e1r\u00fach\u00e1in faoin Acht Craolach\u00e1in 2009 arna leas\u00fa. Ceangla\u00edtear ar an gCoimisi\u00fan cl\u00e1r de shol\u00e1thraithe seirbh\u00edse me\u00e1n at\u00e1 faoi dhl\u00ednse an St\u00e1it a choime\u00e1d, agus t\u00e1 cumhachta\u00ed forfheidhmithe aige chun treoracha a eisi\u00faint do shol\u00e1thraithe, i gc\u00e1s ina ndealra\u00edonn gur theip [&hellip;]\" \/>\n<meta property=\"og:url\" content=\"https:\/\/www.cnam.ie\/ga\/foilsionn-coimisiun-na-mean-a-chead-chlar-de-sholathraithe-seirbhise-mean\/\" \/>\n<meta property=\"og:site_name\" content=\"Coimisi\u00fan na Me\u00e1n\" \/>\n<meta property=\"article:publisher\" content=\"https:\/\/www.facebook.com\/CNaM.Ireland\/\" \/>\n<meta property=\"article:published_time\" content=\"2023-11-30T12:32:24+00:00\" \/>\n<meta property=\"article:modified_time\" content=\"2025-01-23T10:13:52+00:00\" \/>\n<meta property=\"og:image\" content=\"https:\/\/www.cnam.ie\/app\/uploads\/2023\/11\/VOD-website.jpg\" \/>\n\t<meta property=\"og:image:width\" content=\"1200\" \/>\n\t<meta property=\"og:image:height\" content=\"800\" \/>\n\t<meta property=\"og:image:type\" content=\"image\/jpeg\" \/>\n<meta name=\"author\" content=\"jcaulfield\" \/>\n<meta name=\"twitter:card\" content=\"summary_large_image\" \/>\n<meta name=\"twitter:creator\" content=\"@CNaM_ie\" \/>\n<meta name=\"twitter:site\" content=\"@CNaM_ie\" \/>\n<meta name=\"twitter:label1\" content=\"Written by\" \/>\n\t<meta name=\"twitter:data1\" content=\"jcaulfield\" \/>\n\t<meta name=\"twitter:label2\" content=\"Est. reading time\" \/>\n\t<meta name=\"twitter:data2\" content=\"1 minute\" \/>\n<script type=\"application\/ld+json\" class=\"yoast-schema-graph\">{\"@context\":\"https:\\\/\\\/schema.org\",\"@graph\":[{\"@type\":\"Article\",\"@id\":\"https:\\\/\\\/www.cnam.ie\\\/ga\\\/foilsionn-coimisiun-na-mean-a-chead-chlar-de-sholathraithe-seirbhise-mean\\\/#article\",\"isPartOf\":{\"@id\":\"https:\\\/\\\/www.cnam.ie\\\/ga\\\/foilsionn-coimisiun-na-mean-a-chead-chlar-de-sholathraithe-seirbhise-mean\\\/\"},\"author\":{\"name\":\"jcaulfield\",\"@id\":\"https:\\\/\\\/www.cnam.ie\\\/ga\\\/#\\\/schema\\\/person\\\/27e1cdc186c81a9f141ec27853ade284\"},\"headline\":\"Foils\u00edonn Coimisi\u00fan na Me\u00e1n a Ch\u00e9ad Chl\u00e1r de Shol\u00e1thraithe Seirbh\u00edse Me\u00e1n\",\"datePublished\":\"2023-11-30T12:32:24+00:00\",\"dateModified\":\"2025-01-23T10:13:52+00:00\",\"mainEntityOfPage\":{\"@id\":\"https:\\\/\\\/www.cnam.ie\\\/ga\\\/foilsionn-coimisiun-na-mean-a-chead-chlar-de-sholathraithe-seirbhise-mean\\\/\"},\"wordCount\":205,\"publisher\":{\"@id\":\"https:\\\/\\\/www.cnam.ie\\\/ga\\\/#organization\"},\"image\":{\"@id\":\"https:\\\/\\\/www.cnam.ie\\\/ga\\\/foilsionn-coimisiun-na-mean-a-chead-chlar-de-sholathraithe-seirbhise-mean\\\/#primaryimage\"},\"thumbnailUrl\":\"https:\\\/\\\/www.cnam.ie\\\/app\\\/uploads\\\/2023\\\/11\\\/VOD-website.jpg\",\"articleSection\":[\"Craolach\u00e1n &amp; f\u00edse\u00e1n ar \u00e9ileamh\"],\"inLanguage\":\"ga-IE\"},{\"@type\":\"WebPage\",\"@id\":\"https:\\\/\\\/www.cnam.ie\\\/ga\\\/foilsionn-coimisiun-na-mean-a-chead-chlar-de-sholathraithe-seirbhise-mean\\\/\",\"url\":\"https:\\\/\\\/www.cnam.ie\\\/ga\\\/foilsionn-coimisiun-na-mean-a-chead-chlar-de-sholathraithe-seirbhise-mean\\\/\",\"name\":\"Foils\u00edonn Coimisi\u00fan na Me\u00e1n a Ch\u00e9ad Chl\u00e1r de Shol\u00e1thraithe Seirbh\u00edse Me\u00e1n - Coimisi\u00fan na Me\u00e1n\",\"isPartOf\":{\"@id\":\"https:\\\/\\\/www.cnam.ie\\\/ga\\\/#website\"},\"primaryImageOfPage\":{\"@id\":\"https:\\\/\\\/www.cnam.ie\\\/ga\\\/foilsionn-coimisiun-na-mean-a-chead-chlar-de-sholathraithe-seirbhise-mean\\\/#primaryimage\"},\"image\":{\"@id\":\"https:\\\/\\\/www.cnam.ie\\\/ga\\\/foilsionn-coimisiun-na-mean-a-chead-chlar-de-sholathraithe-seirbhise-mean\\\/#primaryimage\"},\"thumbnailUrl\":\"https:\\\/\\\/www.cnam.ie\\\/app\\\/uploads\\\/2023\\\/11\\\/VOD-website.jpg\",\"datePublished\":\"2023-11-30T12:32:24+00:00\",\"dateModified\":\"2025-01-23T10:13:52+00:00\",\"breadcrumb\":{\"@id\":\"https:\\\/\\\/www.cnam.ie\\\/ga\\\/foilsionn-coimisiun-na-mean-a-chead-chlar-de-sholathraithe-seirbhise-mean\\\/#breadcrumb\"},\"inLanguage\":\"ga-IE\",\"potentialAction\":[{\"@type\":\"ReadAction\",\"target\":[\"https:\\\/\\\/www.cnam.ie\\\/ga\\\/foilsionn-coimisiun-na-mean-a-chead-chlar-de-sholathraithe-seirbhise-mean\\\/\"]}]},{\"@type\":\"ImageObject\",\"inLanguage\":\"ga-IE\",\"@id\":\"https:\\\/\\\/www.cnam.ie\\\/ga\\\/foilsionn-coimisiun-na-mean-a-chead-chlar-de-sholathraithe-seirbhise-mean\\\/#primaryimage\",\"url\":\"https:\\\/\\\/www.cnam.ie\\\/app\\\/uploads\\\/2023\\\/11\\\/VOD-website.jpg\",\"contentUrl\":\"https:\\\/\\\/www.cnam.ie\\\/app\\\/uploads\\\/2023\\\/11\\\/VOD-website.jpg\",\"width\":1200,\"height\":800},{\"@type\":\"BreadcrumbList\",\"@id\":\"https:\\\/\\\/www.cnam.ie\\\/ga\\\/foilsionn-coimisiun-na-mean-a-chead-chlar-de-sholathraithe-seirbhise-mean\\\/#breadcrumb\",\"itemListElement\":[{\"@type\":\"ListItem\",\"position\":1,\"name\":\"Home\",\"item\":\"https:\\\/\\\/www.cnam.ie\\\/ga\\\/\"},{\"@type\":\"ListItem\",\"position\":2,\"name\":\"Foils\u00edonn Coimisi\u00fan na Me\u00e1n a Ch\u00e9ad Chl\u00e1r de Shol\u00e1thraithe Seirbh\u00edse Me\u00e1n\"}]},{\"@type\":\"WebSite\",\"@id\":\"https:\\\/\\\/www.cnam.ie\\\/ga\\\/#website\",\"url\":\"https:\\\/\\\/www.cnam.ie\\\/ga\\\/\",\"name\":\"Coimisiun na Mean\",\"description\":\"Coimisi\u00fan na Me\u00e1n\",\"publisher\":{\"@id\":\"https:\\\/\\\/www.cnam.ie\\\/ga\\\/#organization\"},\"potentialAction\":[{\"@type\":\"SearchAction\",\"target\":{\"@type\":\"EntryPoint\",\"urlTemplate\":\"https:\\\/\\\/www.cnam.ie\\\/ga\\\/?s={search_term_string}\"},\"query-input\":{\"@type\":\"PropertyValueSpecification\",\"valueRequired\":true,\"valueName\":\"search_term_string\"}}],\"inLanguage\":\"ga-IE\"},{\"@type\":\"Organization\",\"@id\":\"https:\\\/\\\/www.cnam.ie\\\/ga\\\/#organization\",\"name\":\"Coimisiun na Mean\",\"url\":\"https:\\\/\\\/www.cnam.ie\\\/ga\\\/\",\"logo\":{\"@type\":\"ImageObject\",\"inLanguage\":\"ga-IE\",\"@id\":\"https:\\\/\\\/www.cnam.ie\\\/ga\\\/#\\\/schema\\\/logo\\\/image\\\/\",\"url\":\"https:\\\/\\\/www.cnam.ie\\\/app\\\/uploads\\\/2024\\\/12\\\/Website-image-with-logo.jpg\",\"contentUrl\":\"https:\\\/\\\/www.cnam.ie\\\/app\\\/uploads\\\/2024\\\/12\\\/Website-image-with-logo.jpg\",\"width\":1200,\"height\":800,\"caption\":\"Coimisiun na Mean\"},\"image\":{\"@id\":\"https:\\\/\\\/www.cnam.ie\\\/ga\\\/#\\\/schema\\\/logo\\\/image\\\/\"},\"sameAs\":[\"https:\\\/\\\/www.facebook.com\\\/CNaM.Ireland\\\/\",\"https:\\\/\\\/x.com\\\/CNaM_ie\"]},{\"@type\":\"Person\",\"@id\":\"https:\\\/\\\/www.cnam.ie\\\/ga\\\/#\\\/schema\\\/person\\\/27e1cdc186c81a9f141ec27853ade284\",\"name\":\"jcaulfield\",\"image\":{\"@type\":\"ImageObject\",\"inLanguage\":\"ga-IE\",\"@id\":\"https:\\\/\\\/secure.gravatar.com\\\/avatar\\\/?s=96&d=mm&r=g\",\"url\":\"https:\\\/\\\/secure.gravatar.com\\\/avatar\\\/?s=96&d=mm&r=g\",\"contentUrl\":\"https:\\\/\\\/secure.gravatar.com\\\/avatar\\\/?s=96&d=mm&r=g\",\"caption\":\"jcaulfield\"}}]}<\/script>\n<!-- \/ Yoast SEO plugin. -->","yoast_head_json":{"title":"Foils\u00edonn Coimisi\u00fan na Me\u00e1n a Ch\u00e9ad Chl\u00e1r de Shol\u00e1thraithe Seirbh\u00edse Me\u00e1n - Coimisi\u00fan na Me\u00e1n","robots":{"index":"index","follow":"follow","max-snippet":"max-snippet:-1","max-image-preview":"max-image-preview:large","max-video-preview":"max-video-preview:-1"},"canonical":"https:\/\/www.cnam.ie\/ga\/foilsionn-coimisiun-na-mean-a-chead-chlar-de-sholathraithe-seirbhise-mean\/","og_locale":"ga_IE","og_type":"article","og_title":"Foils\u00edonn Coimisi\u00fan na Me\u00e1n a Ch\u00e9ad Chl\u00e1r de Shol\u00e1thraithe Seirbh\u00edse Me\u00e1n - Coimisi\u00fan na Me\u00e1n","og_description":"Foils\u00edonn Coimisi\u00fan na Me\u00e1n anois an ch\u00e9ad Chl\u00e1r de Shol\u00e1thraithe Seirbh\u00edse Me\u00e1n at\u00e1 faoi r\u00e9ir cl\u00e1r\u00fach\u00e1in faoin Acht Craolach\u00e1in 2009 arna leas\u00fa. Ceangla\u00edtear ar an gCoimisi\u00fan cl\u00e1r de shol\u00e1thraithe seirbh\u00edse me\u00e1n at\u00e1 faoi dhl\u00ednse an St\u00e1it a choime\u00e1d, agus t\u00e1 cumhachta\u00ed forfheidhmithe aige chun treoracha a eisi\u00faint do shol\u00e1thraithe, i gc\u00e1s ina ndealra\u00edonn gur theip [&hellip;]","og_url":"https:\/\/www.cnam.ie\/ga\/foilsionn-coimisiun-na-mean-a-chead-chlar-de-sholathraithe-seirbhise-mean\/","og_site_name":"Coimisi\u00fan na Me\u00e1n","article_publisher":"https:\/\/www.facebook.com\/CNaM.Ireland\/","article_published_time":"2023-11-30T12:32:24+00:00","article_modified_time":"2025-01-23T10:13:52+00:00","og_image":[{"width":1200,"height":800,"url":"https:\/\/www.cnam.ie\/app\/uploads\/2023\/11\/VOD-website.jpg","type":"image\/jpeg"}],"author":"jcaulfield","twitter_card":"summary_large_image","twitter_creator":"@CNaM_ie","twitter_site":"@CNaM_ie","twitter_misc":{"Written by":"jcaulfield","Est. reading time":"1 minute"},"schema":{"@context":"https:\/\/schema.org","@graph":[{"@type":"Article","@id":"https:\/\/www.cnam.ie\/ga\/foilsionn-coimisiun-na-mean-a-chead-chlar-de-sholathraithe-seirbhise-mean\/#article","isPartOf":{"@id":"https:\/\/www.cnam.ie\/ga\/foilsionn-coimisiun-na-mean-a-chead-chlar-de-sholathraithe-seirbhise-mean\/"},"author":{"name":"jcaulfield","@id":"https:\/\/www.cnam.ie\/ga\/#\/schema\/person\/27e1cdc186c81a9f141ec27853ade284"},"headline":"Foils\u00edonn Coimisi\u00fan na Me\u00e1n a Ch\u00e9ad Chl\u00e1r de Shol\u00e1thraithe Seirbh\u00edse Me\u00e1n","datePublished":"2023-11-30T12:32:24+00:00","dateModified":"2025-01-23T10:13:52+00:00","mainEntityOfPage":{"@id":"https:\/\/www.cnam.ie\/ga\/foilsionn-coimisiun-na-mean-a-chead-chlar-de-sholathraithe-seirbhise-mean\/"},"wordCount":205,"publisher":{"@id":"https:\/\/www.cnam.ie\/ga\/#organization"},"image":{"@id":"https:\/\/www.cnam.ie\/ga\/foilsionn-coimisiun-na-mean-a-chead-chlar-de-sholathraithe-seirbhise-mean\/#primaryimage"},"thumbnailUrl":"https:\/\/www.cnam.ie\/app\/uploads\/2023\/11\/VOD-website.jpg","articleSection":["Craolach\u00e1n &amp; f\u00edse\u00e1n ar \u00e9ileamh"],"inLanguage":"ga-IE"},{"@type":"WebPage","@id":"https:\/\/www.cnam.ie\/ga\/foilsionn-coimisiun-na-mean-a-chead-chlar-de-sholathraithe-seirbhise-mean\/","url":"https:\/\/www.cnam.ie\/ga\/foilsionn-coimisiun-na-mean-a-chead-chlar-de-sholathraithe-seirbhise-mean\/","name":"Foils\u00edonn Coimisi\u00fan na Me\u00e1n a Ch\u00e9ad Chl\u00e1r de Shol\u00e1thraithe Seirbh\u00edse Me\u00e1n - Coimisi\u00fan na Me\u00e1n","isPartOf":{"@id":"https:\/\/www.cnam.ie\/ga\/#website"},"primaryImageOfPage":{"@id":"https:\/\/www.cnam.ie\/ga\/foilsionn-coimisiun-na-mean-a-chead-chlar-de-sholathraithe-seirbhise-mean\/#primaryimage"},"image":{"@id":"https:\/\/www.cnam.ie\/ga\/foilsionn-coimisiun-na-mean-a-chead-chlar-de-sholathraithe-seirbhise-mean\/#primaryimage"},"thumbnailUrl":"https:\/\/www.cnam.ie\/app\/uploads\/2023\/11\/VOD-website.jpg","datePublished":"2023-11-30T12:32:24+00:00","dateModified":"2025-01-23T10:13:52+00:00","breadcrumb":{"@id":"https:\/\/www.cnam.ie\/ga\/foilsionn-coimisiun-na-mean-a-chead-chlar-de-sholathraithe-seirbhise-mean\/#breadcrumb"},"inLanguage":"ga-IE","potentialAction":[{"@type":"ReadAction","target":["https:\/\/www.cnam.ie\/ga\/foilsionn-coimisiun-na-mean-a-chead-chlar-de-sholathraithe-seirbhise-mean\/"]}]},{"@type":"ImageObject","inLanguage":"ga-IE","@id":"https:\/\/www.cnam.ie\/ga\/foilsionn-coimisiun-na-mean-a-chead-chlar-de-sholathraithe-seirbhise-mean\/#primaryimage","url":"https:\/\/www.cnam.ie\/app\/uploads\/2023\/11\/VOD-website.jpg","contentUrl":"https:\/\/www.cnam.ie\/app\/uploads\/2023\/11\/VOD-website.jpg","width":1200,"height":800},{"@type":"BreadcrumbList","@id":"https:\/\/www.cnam.ie\/ga\/foilsionn-coimisiun-na-mean-a-chead-chlar-de-sholathraithe-seirbhise-mean\/#breadcrumb","itemListElement":[{"@type":"ListItem","position":1,"name":"Home","item":"https:\/\/www.cnam.ie\/ga\/"},{"@type":"ListItem","position":2,"name":"Foils\u00edonn Coimisi\u00fan na Me\u00e1n a Ch\u00e9ad Chl\u00e1r de Shol\u00e1thraithe Seirbh\u00edse Me\u00e1n"}]},{"@type":"WebSite","@id":"https:\/\/www.cnam.ie\/ga\/#website","url":"https:\/\/www.cnam.ie\/ga\/","name":"Coimisiun na Mean","description":"Coimisi\u00fan na Me\u00e1n","publisher":{"@id":"https:\/\/www.cnam.ie\/ga\/#organization"},"potentialAction":[{"@type":"SearchAction","target":{"@type":"EntryPoint","urlTemplate":"https:\/\/www.cnam.ie\/ga\/?s={search_term_string}"},"query-input":{"@type":"PropertyValueSpecification","valueRequired":true,"valueName":"search_term_string"}}],"inLanguage":"ga-IE"},{"@type":"Organization","@id":"https:\/\/www.cnam.ie\/ga\/#organization","name":"Coimisiun na Mean","url":"https:\/\/www.cnam.ie\/ga\/","logo":{"@type":"ImageObject","inLanguage":"ga-IE","@id":"https:\/\/www.cnam.ie\/ga\/#\/schema\/logo\/image\/","url":"https:\/\/www.cnam.ie\/app\/uploads\/2024\/12\/Website-image-with-logo.jpg","contentUrl":"https:\/\/www.cnam.ie\/app\/uploads\/2024\/12\/Website-image-with-logo.jpg","width":1200,"height":800,"caption":"Coimisiun na Mean"},"image":{"@id":"https:\/\/www.cnam.ie\/ga\/#\/schema\/logo\/image\/"},"sameAs":["https:\/\/www.facebook.com\/CNaM.Ireland\/","https:\/\/x.com\/CNaM_ie"]},{"@type":"Person","@id":"https:\/\/www.cnam.ie\/ga\/#\/schema\/person\/27e1cdc186c81a9f141ec27853ade284","name":"jcaulfield","image":{"@type":"ImageObject","inLanguage":"ga-IE","@id":"https:\/\/secure.gravatar.com\/avatar\/?s=96&d=mm&r=g","url":"https:\/\/secure.gravatar.com\/avatar\/?s=96&d=mm&r=g","contentUrl":"https:\/\/secure.gravatar.com\/avatar\/?s=96&d=mm&r=g","caption":"jcaulfield"}}]}},"spectra_custom_meta":{"_wpml_word_count":["{\"total\":164,\"to_translate\":{\"ga\":164}}","{\"total\":164,\"to_translate\":{\"en\":164}}"],"_thumbnail_id":["6618","6618"],"_edit_last":["12","12"],"_wpml_media_duplicate":["1","1"],"_wpml_media_featured":["1","1"],"_yoast_wpseo_content_score":["90","90"],"_yoast_wpseo_estimated-reading-time-minutes":["1","1"],"_yoast_wpseo_wordproof_timestamp":["",""],"_wpml_location_migration_done":["1","1"],"_edit_lock":["1737627243:12"],"_relevanssi_related_posts":["7605,7610,858,7614,7637,7623"],"_encloseme":["1"],"_last_translation_edit_mode":["native-editor"],"_yoast_wpseo_primary_category":["93","93"],"_uag_css_file_name":["uag-css-7642.css"],"_uag_js_file_name":["uag-js-7642.js"]},"uagb_featured_image_src":{"full":["https:\/\/www.cnam.ie\/app\/uploads\/2023\/11\/VOD-website.jpg",1200,800,false],"thumbnail":["https:\/\/www.cnam.ie\/app\/uploads\/2023\/11\/VOD-website-150x150.jpg",150,150,true],"medium":["https:\/\/www.cnam.ie\/app\/uploads\/2023\/11\/VOD-website-300x200.jpg",300,200,true],"medium_large":["https:\/\/www.cnam.ie\/app\/uploads\/2023\/11\/VOD-website-768x512.jpg",640,427,true],"large":["https:\/\/www.cnam.ie\/app\/uploads\/2023\/11\/VOD-website-1024x683.jpg",640,427,true],"1536x1536":["https:\/\/www.cnam.ie\/app\/uploads\/2023\/11\/VOD-website.jpg",1200,800,false],"2048x2048":["https:\/\/www.cnam.ie\/app\/uploads\/2023\/11\/VOD-website.jpg",1200,800,false],"gform-image-choice-sm":["https:\/\/www.cnam.ie\/app\/uploads\/2023\/11\/VOD-website.jpg",300,200,false],"gform-image-choice-md":["https:\/\/www.cnam.ie\/app\/uploads\/2023\/11\/VOD-website.jpg",400,267,false],"gform-image-choice-lg":["https:\/\/www.cnam.ie\/app\/uploads\/2023\/11\/VOD-website.jpg",600,400,false]},"uagb_author_info":{"display_name":"jcaulfield","author_link":"https:\/\/www.cnam.ie\/ga\/author\/jcaulfield\/"},"uagb_comment_info":0,"uagb_excerpt":"Foils\u00edonn Coimisi\u00fan na Me\u00e1n anois an ch\u00e9ad Chl\u00e1r de Shol\u00e1thraithe Seirbh\u00edse Me\u00e1n at\u00e1 faoi r\u00e9ir cl\u00e1r\u00fach\u00e1in faoin Acht Craolach\u00e1in 2009 arna leas\u00fa. Ceangla\u00edtear ar an gCoimisi\u00fan cl\u00e1r de shol\u00e1thraithe seirbh\u00edse me\u00e1n at\u00e1 faoi dhl\u00ednse an St\u00e1it a choime\u00e1d, agus t\u00e1 cumhachta\u00ed forfheidhmithe aige chun treoracha a eisi\u00faint do shol\u00e1thraithe, i gc\u00e1s ina ndealra\u00edonn gur theip&hellip;","_links":{"self":[{"href":"https:\/\/www.cnam.ie\/ga\/wp-json\/wp\/v2\/posts\/7642","targetHints":{"allow":["GET"]}}],"collection":[{"href":"https:\/\/www.cnam.ie\/ga\/wp-json\/wp\/v2\/posts"}],"about":[{"href":"https:\/\/www.cnam.ie\/ga\/wp-json\/wp\/v2\/types\/post"}],"author":[{"embeddable":true,"href":"https:\/\/www.cnam.ie\/ga\/wp-json\/wp\/v2\/users\/14"}],"replies":[{"embeddable":true,"href":"https:\/\/www.cnam.ie\/ga\/wp-json\/wp\/v2\/comments?post=7642"}],"version-history":[{"count":1,"href":"https:\/\/www.cnam.ie\/ga\/wp-json\/wp\/v2\/posts\/7642\/revisions"}],"predecessor-version":[{"id":14117,"href":"https:\/\/www.cnam.ie\/ga\/wp-json\/wp\/v2\/posts\/7642\/revisions\/14117"}],"wp:featuredmedia":[{"embeddable":true,"href":"https:\/\/www.cnam.ie\/ga\/wp-json\/wp\/v2\/media\/6618"}],"wp:attachment":[{"href":"https:\/\/www.cnam.ie\/ga\/wp-json\/wp\/v2\/media?parent=7642"}],"wp:term":[{"taxonomy":"category","embeddable":true,"href":"https:\/\/www.cnam.ie\/ga\/wp-json\/wp\/v2\/categories?post=7642"},{"taxonomy":"post_tag","embeddable":true,"href":"https:\/\/www.cnam.ie\/ga\/wp-json\/wp\/v2\/tags?post=7642"}],"curies":[{"name":"wp","href":"https:\/\/api.w.org\/{rel}","templated":true}]}}