{"id":7649,"date":"2023-12-20T11:57:07","date_gmt":"2023-12-20T11:57:07","guid":{"rendered":"https:\/\/www.cnam.ie\/?p=2086"},"modified":"2025-01-21T16:51:12","modified_gmt":"2025-01-21T16:51:12","slug":"conarthai-craoltoireachta-fuaime-nua-sinithe-ag-coimisiun-na-mean","status":"publish","type":"post","link":"https:\/\/www.cnam.ie\/ga\/conarthai-craoltoireachta-fuaime-nua-sinithe-ag-coimisiun-na-mean\/","title":{"rendered":"Conartha\u00ed craolt\u00f3ireachta fuaime nua s\u00ednithe ag Coimisi\u00fan na Me\u00e1n\u00a0"},"content":{"rendered":"\n<p>D\u2019fh\u00f3gair Coimisi\u00fan na Me\u00e1n conartha\u00ed craolt\u00f3ireachta fuaime nua do sheirbh\u00eds\u00ed raidi\u00f3 form\u00e1ide leithne \u00e1iti\u00fala a fhreastala\u00edonn ar \u00e9isteoir\u00ed sna contaetha seo a leanas: Gaillimh, an L\u00fa agus an Mh\u00ed, Maigh Eo, Port L\u00e1irge agus an Cl\u00e1r.&nbsp;<\/p>\n\n\n\n<ul class=\"wp-block-list\">\n<li>Galway Bay FM&nbsp;&nbsp;<\/li>\n\n\n\n<li>LMFM&nbsp;<\/li>\n\n\n\n<li>Midwest Radio&nbsp;&nbsp;<\/li>\n\n\n\n<li>WLR FM&nbsp;&nbsp;<\/li>\n\n\n\n<li>Clare FM&nbsp;<\/li>\n<\/ul>\n\n\n\n<p>Sh\u00ednigh gach craolt\u00f3ir thuas conartha\u00ed nua deich mbliana idir m\u00ed L\u00fanasa agus m\u00ed na Nollag 2023, i ndiaidh pr\u00f3iseas cead\u00fanaithe a thosaigh r\u00e9amhtheachta\u00ed an Choimisi\u00fain, \u00dadar\u00e1s Craolach\u00e1in na h\u00c9ireann.&nbsp;&nbsp;&nbsp;&nbsp;<\/p>\n\n\n\n<p>D\u00fairt an Coimisin\u00e9ir Craolt\u00f3ireachta, Celene Craig, an m\u00e9id seo a leanas: \u201cT\u00e1 r\u00edm\u00e9ad ar Choimisi\u00fan na Me\u00e1n conartha\u00ed nua deich mbliana a dh\u00e9anamh leis na craolt\u00f3ir\u00ed seo, at\u00e1 i ndiaidh a bheith ag sol\u00e1thar r\u00e9imse \u00e9ags\u00fail \u00e1bhair \u00e1iti\u00fail ar ardchaighde\u00e1n d\u00e1 n-\u00e9isteoir\u00ed ina gcuid r\u00e9ims\u00ed sainchead\u00fanais faoi seach, \u00e1bhar a chuireann siamsa\u00edocht agus faisn\u00e9is ar f\u00e1il. Gu\u00edm gach rath ar gach st\u00e1isi\u00fan le linn a dt\u00e9arma conartha nua.\u201d&nbsp;<\/p>\n\n\n\n<p>\u201cT\u00e1 an Coimisi\u00fan tiomanta do chabhr\u00fa le h\u00e9ags\u00falacht seirbh\u00eds\u00ed agus r\u00e9imse roghanna seirbh\u00edse a choime\u00e1d d\u2019\u00e9isteoir\u00ed raidi\u00f3 ar fud na h\u00c9ireann agus t\u00e1imid ag s\u00fail le lean\u00faint ar aghaidh len\u00e1r ngn\u00edomha\u00edochta\u00ed cead\u00fanaithe san athbhliain.\u201d&nbsp;<\/p>\n\n\n\n<p><strong>CR\u00cdOCH<\/strong>&nbsp;<\/p>\n\n\n\n<p><strong>Teagmh\u00e1la\u00ed Me\u00e1n Coimisi\u00fan na Me\u00e1n: S\u00edona Cahill \/ Joanne Ahern, DHR Communications. Teil: 087-753 0255 \/ 087-9881837<\/strong>&nbsp;<\/p>\n\n\n\n<p><strong>N\u00f3ta\u00ed d&#8217;Eagarth\u00f3ir\u00ed<\/strong>&nbsp;<\/p>\n\n\n\n<ul class=\"wp-block-list\">\n<li>T\u00e1 Galway Bay FM \u00e1 oibri\u00fa ag Western Community Broadcasting Services Limited agus rinne s\u00e9 a chonradh nua a sh\u00edni\u00fa ar an 10 L\u00fanasa 2023.&nbsp;<\/li>\n\n\n\n<li>T\u00e1 LMFM \u00e1 oibri\u00fa ag Independent Broadcasting Corporation Limited agus rinne s\u00e9 a chonradh nua a sh\u00edni\u00fa ar an 16 Deireadh F\u00f3mhair 2023.&nbsp;<\/li>\n\n\n\n<li>T\u00e1 Midwest Radio \u00e1 oibri\u00fa ag County Mayo Radio Limited agus rinne s\u00e9 a chonradh nua a sh\u00edni\u00fa ar an 23 Deireadh F\u00f3mhair 2023.&nbsp;<\/li>\n\n\n\n<li>T\u00e1 WLR FM \u00e1 oibri\u00fa ag South East Broadcasting Company Limited agus rinne s\u00e9 a chonradh nua a sh\u00edni\u00fa ar an 6 Nollaig 2023.&nbsp;<\/li>\n\n\n\n<li>T\u00e1 Clare FM \u00e1 oibri\u00fa ag Clare Community Radio Holdings Plc agus rinne s\u00e9 a chonradh nua a sh\u00edni\u00fa ar an 19 Nollaig 2023.&nbsp;<\/li>\n<\/ul>\n\n\n\n<p><strong>Maidir le Coimisi\u00fan na Me\u00e1n:<\/strong>&nbsp;<\/p>\n\n\n\n<p>Coimisi\u00fan nua na h\u00c9ireann chun craolt\u00f3ir\u00ed, seirbh\u00eds\u00ed ar \u00e9ileamh agus na me\u00e1in ar l\u00edne a rial\u00e1il, agus chun tac\u00fa le forbairt na me\u00e1n is ea Coimisi\u00fan na Me\u00e1n. Buna\u00edodh \u00e9 i m\u00ed an Mh\u00e1rta 2023 faoin Acht um Rial\u00e1il S\u00e1bh\u00e1ilteachta agus Me\u00e1n Ar L\u00edne 2022, agus t\u00f3gann s\u00e9 ar obair a r\u00e9amhtheachta\u00ed, \u00dadar\u00e1s Craolach\u00e1in na h\u00c9ireann. T\u00e1 s\u00e9 freagrach as t\u00edrdhreach rath\u00fail agus \u00e9ags\u00fail me\u00e1n a chinnti\u00fa agus a choinne\u00e1il ar bun in \u00c9irinn a \u00e9asca\u00edonn measc\u00e1n guthanna, tuairim\u00ed agus foins\u00ed nuachta agus c\u00farsa\u00ed reatha, chomh maith le timpeallacht sh\u00e1bh\u00e1ilte ar l\u00edne. Is iad seo a leanas a chuid freagrachta\u00ed:&nbsp;<\/p>\n\n\n\n<ul class=\"wp-block-list\">\n<li>Maoirseacht a dh\u00e9anamh ar rial\u00e1il seirbh\u00eds\u00ed craolach\u00e1in agus f\u00edse\u00e1in ar \u00e9ileamh.&nbsp;<\/li>\n\n\n\n<li>Maoirseacht a dh\u00e9anamh ar mhaoini\u00fa earn\u00e1il na me\u00e1n i gcoitinne in \u00c9irinn agus tac\u00fa le forbairt na hearn\u00e1la sin.&nbsp;<\/li>\n\n\n\n<li>C\u00f3ras rial\u00e1la na h\u00c9ireann maidir le s\u00e1bh\u00e1ilteacht ar l\u00edne a fhorbairt agus a fhorfheidhmi\u00fa.&nbsp;<\/li>\n<\/ul>\n","protected":false},"excerpt":{"rendered":"<p>D\u2019fh\u00f3gair Coimisi\u00fan na Me\u00e1n conartha\u00ed craolt\u00f3ireachta fuaime nua do sheirbh\u00eds\u00ed raidi\u00f3 form\u00e1ide leithne \u00e1iti\u00fala a fhreastala\u00edonn ar \u00e9isteoir\u00ed sna contaetha seo a leanas: Gaillimh, an L\u00fa agus an Mh\u00ed, Maigh Eo, Port L\u00e1irge agus an Cl\u00e1r.&nbsp; Sh\u00ednigh gach craolt\u00f3ir thuas conartha\u00ed nua deich mbliana idir m\u00ed L\u00fanasa agus m\u00ed na Nollag 2023, i ndiaidh pr\u00f3iseas [&hellip;]<\/p>\n","protected":false},"author":14,"featured_media":6620,"comment_status":"closed","ping_status":"closed","sticky":false,"template":"","format":"standard","meta":{"_acf_changed":false,"_relevanssi_hide_post":"","_relevanssi_hide_content":"","_relevanssi_pin_for_all":"","_relevanssi_pin_keywords":"","_relevanssi_unpin_keywords":"","_relevanssi_related_keywords":"","_relevanssi_related_include_ids":"","_relevanssi_related_exclude_ids":"","_relevanssi_related_no_append":"","_relevanssi_related_not_related":"","_relevanssi_related_posts":"858,806,7634,7605,617,7618","_relevanssi_noindex_reason":"","_uag_custom_page_level_css":"","footnotes":""},"categories":[97,93],"tags":[],"class_list":["post-7649","post","type-post","status-publish","format-standard","has-post-thumbnail","hentry","category-ceadunaithe","category-craolachan-fisean-ar-eileamh"],"acf":[],"yoast_head":"<!-- This site is optimized with the Yoast SEO plugin v27.5 - https:\/\/yoast.com\/product\/yoast-seo-wordpress\/ -->\n<title>Conartha\u00ed craolt\u00f3ireachta fuaime nua s\u00ednithe ag Coimisi\u00fan na Me\u00e1n\u00a0 - Coimisi\u00fan na Me\u00e1n<\/title>\n<meta name=\"robots\" content=\"index, follow, max-snippet:-1, max-image-preview:large, max-video-preview:-1\" \/>\n<link rel=\"canonical\" href=\"https:\/\/www.cnam.ie\/ga\/conarthai-craoltoireachta-fuaime-nua-sinithe-ag-coimisiun-na-mean\/\" \/>\n<meta property=\"og:locale\" content=\"ga_IE\" \/>\n<meta property=\"og:type\" content=\"article\" \/>\n<meta property=\"og:title\" content=\"Conartha\u00ed craolt\u00f3ireachta fuaime nua s\u00ednithe ag Coimisi\u00fan na Me\u00e1n\u00a0 - Coimisi\u00fan na Me\u00e1n\" \/>\n<meta property=\"og:description\" content=\"D\u2019fh\u00f3gair Coimisi\u00fan na Me\u00e1n conartha\u00ed craolt\u00f3ireachta fuaime nua do sheirbh\u00eds\u00ed raidi\u00f3 form\u00e1ide leithne \u00e1iti\u00fala a fhreastala\u00edonn ar \u00e9isteoir\u00ed sna contaetha seo a leanas: Gaillimh, an L\u00fa agus an Mh\u00ed, Maigh Eo, Port L\u00e1irge agus an Cl\u00e1r.&nbsp; Sh\u00ednigh gach craolt\u00f3ir thuas conartha\u00ed nua deich mbliana idir m\u00ed L\u00fanasa agus m\u00ed na Nollag 2023, i ndiaidh pr\u00f3iseas [&hellip;]\" \/>\n<meta property=\"og:url\" content=\"https:\/\/www.cnam.ie\/ga\/conarthai-craoltoireachta-fuaime-nua-sinithe-ag-coimisiun-na-mean\/\" \/>\n<meta property=\"og:site_name\" content=\"Coimisi\u00fan na Me\u00e1n\" \/>\n<meta property=\"article:publisher\" content=\"https:\/\/www.facebook.com\/CNaM.Ireland\/\" \/>\n<meta property=\"article:published_time\" content=\"2023-12-20T11:57:07+00:00\" \/>\n<meta property=\"article:modified_time\" content=\"2025-01-21T16:51:12+00:00\" \/>\n<meta property=\"og:image\" content=\"https:\/\/www.cnam.ie\/app\/uploads\/2023\/12\/Licensing-website-Irish.jpg\" \/>\n\t<meta property=\"og:image:width\" content=\"1200\" \/>\n\t<meta property=\"og:image:height\" content=\"800\" \/>\n\t<meta property=\"og:image:type\" content=\"image\/jpeg\" \/>\n<meta name=\"author\" content=\"jcaulfield\" \/>\n<meta name=\"twitter:card\" content=\"summary_large_image\" \/>\n<meta name=\"twitter:creator\" content=\"@CNaM_ie\" \/>\n<meta name=\"twitter:site\" content=\"@CNaM_ie\" \/>\n<meta name=\"twitter:label1\" content=\"Written by\" \/>\n\t<meta name=\"twitter:data1\" content=\"jcaulfield\" \/>\n\t<meta name=\"twitter:label2\" content=\"Est. reading time\" \/>\n\t<meta name=\"twitter:data2\" content=\"3 minutes\" \/>\n<script type=\"application\/ld+json\" class=\"yoast-schema-graph\">{\"@context\":\"https:\\\/\\\/schema.org\",\"@graph\":[{\"@type\":\"Article\",\"@id\":\"https:\\\/\\\/www.cnam.ie\\\/ga\\\/conarthai-craoltoireachta-fuaime-nua-sinithe-ag-coimisiun-na-mean\\\/#article\",\"isPartOf\":{\"@id\":\"https:\\\/\\\/www.cnam.ie\\\/ga\\\/conarthai-craoltoireachta-fuaime-nua-sinithe-ag-coimisiun-na-mean\\\/\"},\"author\":{\"name\":\"jcaulfield\",\"@id\":\"https:\\\/\\\/www.cnam.ie\\\/ga\\\/#\\\/schema\\\/person\\\/27e1cdc186c81a9f141ec27853ade284\"},\"headline\":\"Conartha\u00ed craolt\u00f3ireachta fuaime nua s\u00ednithe ag Coimisi\u00fan na Me\u00e1n\u00a0\",\"datePublished\":\"2023-12-20T11:57:07+00:00\",\"dateModified\":\"2025-01-21T16:51:12+00:00\",\"mainEntityOfPage\":{\"@id\":\"https:\\\/\\\/www.cnam.ie\\\/ga\\\/conarthai-craoltoireachta-fuaime-nua-sinithe-ag-coimisiun-na-mean\\\/\"},\"wordCount\":615,\"publisher\":{\"@id\":\"https:\\\/\\\/www.cnam.ie\\\/ga\\\/#organization\"},\"image\":{\"@id\":\"https:\\\/\\\/www.cnam.ie\\\/ga\\\/conarthai-craoltoireachta-fuaime-nua-sinithe-ag-coimisiun-na-mean\\\/#primaryimage\"},\"thumbnailUrl\":\"https:\\\/\\\/www.cnam.ie\\\/app\\\/uploads\\\/2023\\\/12\\\/Licensing-website-Irish.jpg\",\"articleSection\":[\"Cead\u00fanaithe\",\"Craolach\u00e1n &amp; f\u00edse\u00e1n ar \u00e9ileamh\"],\"inLanguage\":\"ga-IE\"},{\"@type\":\"WebPage\",\"@id\":\"https:\\\/\\\/www.cnam.ie\\\/ga\\\/conarthai-craoltoireachta-fuaime-nua-sinithe-ag-coimisiun-na-mean\\\/\",\"url\":\"https:\\\/\\\/www.cnam.ie\\\/ga\\\/conarthai-craoltoireachta-fuaime-nua-sinithe-ag-coimisiun-na-mean\\\/\",\"name\":\"Conartha\u00ed craolt\u00f3ireachta fuaime nua s\u00ednithe ag Coimisi\u00fan na Me\u00e1n\u00a0 - Coimisi\u00fan na Me\u00e1n\",\"isPartOf\":{\"@id\":\"https:\\\/\\\/www.cnam.ie\\\/ga\\\/#website\"},\"primaryImageOfPage\":{\"@id\":\"https:\\\/\\\/www.cnam.ie\\\/ga\\\/conarthai-craoltoireachta-fuaime-nua-sinithe-ag-coimisiun-na-mean\\\/#primaryimage\"},\"image\":{\"@id\":\"https:\\\/\\\/www.cnam.ie\\\/ga\\\/conarthai-craoltoireachta-fuaime-nua-sinithe-ag-coimisiun-na-mean\\\/#primaryimage\"},\"thumbnailUrl\":\"https:\\\/\\\/www.cnam.ie\\\/app\\\/uploads\\\/2023\\\/12\\\/Licensing-website-Irish.jpg\",\"datePublished\":\"2023-12-20T11:57:07+00:00\",\"dateModified\":\"2025-01-21T16:51:12+00:00\",\"breadcrumb\":{\"@id\":\"https:\\\/\\\/www.cnam.ie\\\/ga\\\/conarthai-craoltoireachta-fuaime-nua-sinithe-ag-coimisiun-na-mean\\\/#breadcrumb\"},\"inLanguage\":\"ga-IE\",\"potentialAction\":[{\"@type\":\"ReadAction\",\"target\":[\"https:\\\/\\\/www.cnam.ie\\\/ga\\\/conarthai-craoltoireachta-fuaime-nua-sinithe-ag-coimisiun-na-mean\\\/\"]}]},{\"@type\":\"ImageObject\",\"inLanguage\":\"ga-IE\",\"@id\":\"https:\\\/\\\/www.cnam.ie\\\/ga\\\/conarthai-craoltoireachta-fuaime-nua-sinithe-ag-coimisiun-na-mean\\\/#primaryimage\",\"url\":\"https:\\\/\\\/www.cnam.ie\\\/app\\\/uploads\\\/2023\\\/12\\\/Licensing-website-Irish.jpg\",\"contentUrl\":\"https:\\\/\\\/www.cnam.ie\\\/app\\\/uploads\\\/2023\\\/12\\\/Licensing-website-Irish.jpg\",\"width\":1200,\"height\":800},{\"@type\":\"BreadcrumbList\",\"@id\":\"https:\\\/\\\/www.cnam.ie\\\/ga\\\/conarthai-craoltoireachta-fuaime-nua-sinithe-ag-coimisiun-na-mean\\\/#breadcrumb\",\"itemListElement\":[{\"@type\":\"ListItem\",\"position\":1,\"name\":\"Home\",\"item\":\"https:\\\/\\\/www.cnam.ie\\\/ga\\\/\"},{\"@type\":\"ListItem\",\"position\":2,\"name\":\"Conartha\u00ed craolt\u00f3ireachta fuaime nua s\u00ednithe ag Coimisi\u00fan na Me\u00e1n\u00a0\"}]},{\"@type\":\"WebSite\",\"@id\":\"https:\\\/\\\/www.cnam.ie\\\/ga\\\/#website\",\"url\":\"https:\\\/\\\/www.cnam.ie\\\/ga\\\/\",\"name\":\"Coimisiun na Mean\",\"description\":\"Coimisi\u00fan na Me\u00e1n\",\"publisher\":{\"@id\":\"https:\\\/\\\/www.cnam.ie\\\/ga\\\/#organization\"},\"potentialAction\":[{\"@type\":\"SearchAction\",\"target\":{\"@type\":\"EntryPoint\",\"urlTemplate\":\"https:\\\/\\\/www.cnam.ie\\\/ga\\\/?s={search_term_string}\"},\"query-input\":{\"@type\":\"PropertyValueSpecification\",\"valueRequired\":true,\"valueName\":\"search_term_string\"}}],\"inLanguage\":\"ga-IE\"},{\"@type\":\"Organization\",\"@id\":\"https:\\\/\\\/www.cnam.ie\\\/ga\\\/#organization\",\"name\":\"Coimisiun na Mean\",\"url\":\"https:\\\/\\\/www.cnam.ie\\\/ga\\\/\",\"logo\":{\"@type\":\"ImageObject\",\"inLanguage\":\"ga-IE\",\"@id\":\"https:\\\/\\\/www.cnam.ie\\\/ga\\\/#\\\/schema\\\/logo\\\/image\\\/\",\"url\":\"https:\\\/\\\/www.cnam.ie\\\/app\\\/uploads\\\/2024\\\/12\\\/Website-image-with-logo.jpg\",\"contentUrl\":\"https:\\\/\\\/www.cnam.ie\\\/app\\\/uploads\\\/2024\\\/12\\\/Website-image-with-logo.jpg\",\"width\":1200,\"height\":800,\"caption\":\"Coimisiun na Mean\"},\"image\":{\"@id\":\"https:\\\/\\\/www.cnam.ie\\\/ga\\\/#\\\/schema\\\/logo\\\/image\\\/\"},\"sameAs\":[\"https:\\\/\\\/www.facebook.com\\\/CNaM.Ireland\\\/\",\"https:\\\/\\\/x.com\\\/CNaM_ie\"]},{\"@type\":\"Person\",\"@id\":\"https:\\\/\\\/www.cnam.ie\\\/ga\\\/#\\\/schema\\\/person\\\/27e1cdc186c81a9f141ec27853ade284\",\"name\":\"jcaulfield\",\"image\":{\"@type\":\"ImageObject\",\"inLanguage\":\"ga-IE\",\"@id\":\"https:\\\/\\\/secure.gravatar.com\\\/avatar\\\/?s=96&d=mm&r=g\",\"url\":\"https:\\\/\\\/secure.gravatar.com\\\/avatar\\\/?s=96&d=mm&r=g\",\"contentUrl\":\"https:\\\/\\\/secure.gravatar.com\\\/avatar\\\/?s=96&d=mm&r=g\",\"caption\":\"jcaulfield\"}}]}<\/script>\n<!-- \/ Yoast SEO plugin. -->","yoast_head_json":{"title":"Conartha\u00ed craolt\u00f3ireachta fuaime nua s\u00ednithe ag Coimisi\u00fan na Me\u00e1n\u00a0 - Coimisi\u00fan na Me\u00e1n","robots":{"index":"index","follow":"follow","max-snippet":"max-snippet:-1","max-image-preview":"max-image-preview:large","max-video-preview":"max-video-preview:-1"},"canonical":"https:\/\/www.cnam.ie\/ga\/conarthai-craoltoireachta-fuaime-nua-sinithe-ag-coimisiun-na-mean\/","og_locale":"ga_IE","og_type":"article","og_title":"Conartha\u00ed craolt\u00f3ireachta fuaime nua s\u00ednithe ag Coimisi\u00fan na Me\u00e1n\u00a0 - Coimisi\u00fan na Me\u00e1n","og_description":"D\u2019fh\u00f3gair Coimisi\u00fan na Me\u00e1n conartha\u00ed craolt\u00f3ireachta fuaime nua do sheirbh\u00eds\u00ed raidi\u00f3 form\u00e1ide leithne \u00e1iti\u00fala a fhreastala\u00edonn ar \u00e9isteoir\u00ed sna contaetha seo a leanas: Gaillimh, an L\u00fa agus an Mh\u00ed, Maigh Eo, Port L\u00e1irge agus an Cl\u00e1r.&nbsp; Sh\u00ednigh gach craolt\u00f3ir thuas conartha\u00ed nua deich mbliana idir m\u00ed L\u00fanasa agus m\u00ed na Nollag 2023, i ndiaidh pr\u00f3iseas [&hellip;]","og_url":"https:\/\/www.cnam.ie\/ga\/conarthai-craoltoireachta-fuaime-nua-sinithe-ag-coimisiun-na-mean\/","og_site_name":"Coimisi\u00fan na Me\u00e1n","article_publisher":"https:\/\/www.facebook.com\/CNaM.Ireland\/","article_published_time":"2023-12-20T11:57:07+00:00","article_modified_time":"2025-01-21T16:51:12+00:00","og_image":[{"width":1200,"height":800,"url":"https:\/\/www.cnam.ie\/app\/uploads\/2023\/12\/Licensing-website-Irish.jpg","type":"image\/jpeg"}],"author":"jcaulfield","twitter_card":"summary_large_image","twitter_creator":"@CNaM_ie","twitter_site":"@CNaM_ie","twitter_misc":{"Written by":"jcaulfield","Est. reading time":"3 minutes"},"schema":{"@context":"https:\/\/schema.org","@graph":[{"@type":"Article","@id":"https:\/\/www.cnam.ie\/ga\/conarthai-craoltoireachta-fuaime-nua-sinithe-ag-coimisiun-na-mean\/#article","isPartOf":{"@id":"https:\/\/www.cnam.ie\/ga\/conarthai-craoltoireachta-fuaime-nua-sinithe-ag-coimisiun-na-mean\/"},"author":{"name":"jcaulfield","@id":"https:\/\/www.cnam.ie\/ga\/#\/schema\/person\/27e1cdc186c81a9f141ec27853ade284"},"headline":"Conartha\u00ed craolt\u00f3ireachta fuaime nua s\u00ednithe ag Coimisi\u00fan na Me\u00e1n\u00a0","datePublished":"2023-12-20T11:57:07+00:00","dateModified":"2025-01-21T16:51:12+00:00","mainEntityOfPage":{"@id":"https:\/\/www.cnam.ie\/ga\/conarthai-craoltoireachta-fuaime-nua-sinithe-ag-coimisiun-na-mean\/"},"wordCount":615,"publisher":{"@id":"https:\/\/www.cnam.ie\/ga\/#organization"},"image":{"@id":"https:\/\/www.cnam.ie\/ga\/conarthai-craoltoireachta-fuaime-nua-sinithe-ag-coimisiun-na-mean\/#primaryimage"},"thumbnailUrl":"https:\/\/www.cnam.ie\/app\/uploads\/2023\/12\/Licensing-website-Irish.jpg","articleSection":["Cead\u00fanaithe","Craolach\u00e1n &amp; f\u00edse\u00e1n ar \u00e9ileamh"],"inLanguage":"ga-IE"},{"@type":"WebPage","@id":"https:\/\/www.cnam.ie\/ga\/conarthai-craoltoireachta-fuaime-nua-sinithe-ag-coimisiun-na-mean\/","url":"https:\/\/www.cnam.ie\/ga\/conarthai-craoltoireachta-fuaime-nua-sinithe-ag-coimisiun-na-mean\/","name":"Conartha\u00ed craolt\u00f3ireachta fuaime nua s\u00ednithe ag Coimisi\u00fan na Me\u00e1n\u00a0 - Coimisi\u00fan na Me\u00e1n","isPartOf":{"@id":"https:\/\/www.cnam.ie\/ga\/#website"},"primaryImageOfPage":{"@id":"https:\/\/www.cnam.ie\/ga\/conarthai-craoltoireachta-fuaime-nua-sinithe-ag-coimisiun-na-mean\/#primaryimage"},"image":{"@id":"https:\/\/www.cnam.ie\/ga\/conarthai-craoltoireachta-fuaime-nua-sinithe-ag-coimisiun-na-mean\/#primaryimage"},"thumbnailUrl":"https:\/\/www.cnam.ie\/app\/uploads\/2023\/12\/Licensing-website-Irish.jpg","datePublished":"2023-12-20T11:57:07+00:00","dateModified":"2025-01-21T16:51:12+00:00","breadcrumb":{"@id":"https:\/\/www.cnam.ie\/ga\/conarthai-craoltoireachta-fuaime-nua-sinithe-ag-coimisiun-na-mean\/#breadcrumb"},"inLanguage":"ga-IE","potentialAction":[{"@type":"ReadAction","target":["https:\/\/www.cnam.ie\/ga\/conarthai-craoltoireachta-fuaime-nua-sinithe-ag-coimisiun-na-mean\/"]}]},{"@type":"ImageObject","inLanguage":"ga-IE","@id":"https:\/\/www.cnam.ie\/ga\/conarthai-craoltoireachta-fuaime-nua-sinithe-ag-coimisiun-na-mean\/#primaryimage","url":"https:\/\/www.cnam.ie\/app\/uploads\/2023\/12\/Licensing-website-Irish.jpg","contentUrl":"https:\/\/www.cnam.ie\/app\/uploads\/2023\/12\/Licensing-website-Irish.jpg","width":1200,"height":800},{"@type":"BreadcrumbList","@id":"https:\/\/www.cnam.ie\/ga\/conarthai-craoltoireachta-fuaime-nua-sinithe-ag-coimisiun-na-mean\/#breadcrumb","itemListElement":[{"@type":"ListItem","position":1,"name":"Home","item":"https:\/\/www.cnam.ie\/ga\/"},{"@type":"ListItem","position":2,"name":"Conartha\u00ed craolt\u00f3ireachta fuaime nua s\u00ednithe ag Coimisi\u00fan na Me\u00e1n\u00a0"}]},{"@type":"WebSite","@id":"https:\/\/www.cnam.ie\/ga\/#website","url":"https:\/\/www.cnam.ie\/ga\/","name":"Coimisiun na Mean","description":"Coimisi\u00fan na Me\u00e1n","publisher":{"@id":"https:\/\/www.cnam.ie\/ga\/#organization"},"potentialAction":[{"@type":"SearchAction","target":{"@type":"EntryPoint","urlTemplate":"https:\/\/www.cnam.ie\/ga\/?s={search_term_string}"},"query-input":{"@type":"PropertyValueSpecification","valueRequired":true,"valueName":"search_term_string"}}],"inLanguage":"ga-IE"},{"@type":"Organization","@id":"https:\/\/www.cnam.ie\/ga\/#organization","name":"Coimisiun na Mean","url":"https:\/\/www.cnam.ie\/ga\/","logo":{"@type":"ImageObject","inLanguage":"ga-IE","@id":"https:\/\/www.cnam.ie\/ga\/#\/schema\/logo\/image\/","url":"https:\/\/www.cnam.ie\/app\/uploads\/2024\/12\/Website-image-with-logo.jpg","contentUrl":"https:\/\/www.cnam.ie\/app\/uploads\/2024\/12\/Website-image-with-logo.jpg","width":1200,"height":800,"caption":"Coimisiun na Mean"},"image":{"@id":"https:\/\/www.cnam.ie\/ga\/#\/schema\/logo\/image\/"},"sameAs":["https:\/\/www.facebook.com\/CNaM.Ireland\/","https:\/\/x.com\/CNaM_ie"]},{"@type":"Person","@id":"https:\/\/www.cnam.ie\/ga\/#\/schema\/person\/27e1cdc186c81a9f141ec27853ade284","name":"jcaulfield","image":{"@type":"ImageObject","inLanguage":"ga-IE","@id":"https:\/\/secure.gravatar.com\/avatar\/?s=96&d=mm&r=g","url":"https:\/\/secure.gravatar.com\/avatar\/?s=96&d=mm&r=g","contentUrl":"https:\/\/secure.gravatar.com\/avatar\/?s=96&d=mm&r=g","caption":"jcaulfield"}}]}},"spectra_custom_meta":{"_wpml_word_count":["554","554"],"_thumbnail_id":["6620","6620"],"_edit_last":["9","9"],"_wpml_media_duplicate":["1","1"],"_wpml_media_featured":["1","1"],"_yoast_wpseo_primary_category":["93","93"],"_yoast_wpseo_content_score":["30","30"],"_yoast_wpseo_estimated-reading-time-minutes":["3","3"],"_yoast_wpseo_wordproof_timestamp":["",""],"_wpml_location_migration_done":["1","1"],"_edit_lock":["1737478272:9"],"_relevanssi_related_posts":["858,806,7634,7605,617,7618"],"_encloseme":["1"],"_wp_page_template":["default"],"_relevanssi_pin_keywords":[""],"_relevanssi_unpin_keywords":[""],"_uag_css_file_name":["uag-css-7649.css"],"_uag_js_file_name":["uag-js-7649.js"],"copied_media_ids":["a:0:{}"],"referenced_media_ids":["a:1:{i:0;i:6620;}"]},"uagb_featured_image_src":{"full":["https:\/\/www.cnam.ie\/app\/uploads\/2023\/12\/Licensing-website-Irish.jpg",1200,800,false],"thumbnail":["https:\/\/www.cnam.ie\/app\/uploads\/2023\/12\/Licensing-website-Irish-150x150.jpg",150,150,true],"medium":["https:\/\/www.cnam.ie\/app\/uploads\/2023\/12\/Licensing-website-Irish-300x200.jpg",300,200,true],"medium_large":["https:\/\/www.cnam.ie\/app\/uploads\/2023\/12\/Licensing-website-Irish-768x512.jpg",640,427,true],"large":["https:\/\/www.cnam.ie\/app\/uploads\/2023\/12\/Licensing-website-Irish-1024x683.jpg",640,427,true],"1536x1536":["https:\/\/www.cnam.ie\/app\/uploads\/2023\/12\/Licensing-website-Irish.jpg",1200,800,false],"2048x2048":["https:\/\/www.cnam.ie\/app\/uploads\/2023\/12\/Licensing-website-Irish.jpg",1200,800,false],"gform-image-choice-sm":["https:\/\/www.cnam.ie\/app\/uploads\/2023\/12\/Licensing-website-Irish.jpg",300,200,false],"gform-image-choice-md":["https:\/\/www.cnam.ie\/app\/uploads\/2023\/12\/Licensing-website-Irish.jpg",400,267,false],"gform-image-choice-lg":["https:\/\/www.cnam.ie\/app\/uploads\/2023\/12\/Licensing-website-Irish.jpg",600,400,false]},"uagb_author_info":{"display_name":"jcaulfield","author_link":"https:\/\/www.cnam.ie\/ga\/author\/jcaulfield\/"},"uagb_comment_info":0,"uagb_excerpt":"D\u2019fh\u00f3gair Coimisi\u00fan na Me\u00e1n conartha\u00ed craolt\u00f3ireachta fuaime nua do sheirbh\u00eds\u00ed raidi\u00f3 form\u00e1ide leithne \u00e1iti\u00fala a fhreastala\u00edonn ar \u00e9isteoir\u00ed sna contaetha seo a leanas: Gaillimh, an L\u00fa agus an Mh\u00ed, Maigh Eo, Port L\u00e1irge agus an Cl\u00e1r.&nbsp; Sh\u00ednigh gach craolt\u00f3ir thuas conartha\u00ed nua deich mbliana idir m\u00ed L\u00fanasa agus m\u00ed na Nollag 2023, i ndiaidh pr\u00f3iseas&hellip;","_links":{"self":[{"href":"https:\/\/www.cnam.ie\/ga\/wp-json\/wp\/v2\/posts\/7649","targetHints":{"allow":["GET"]}}],"collection":[{"href":"https:\/\/www.cnam.ie\/ga\/wp-json\/wp\/v2\/posts"}],"about":[{"href":"https:\/\/www.cnam.ie\/ga\/wp-json\/wp\/v2\/types\/post"}],"author":[{"embeddable":true,"href":"https:\/\/www.cnam.ie\/ga\/wp-json\/wp\/v2\/users\/14"}],"replies":[{"embeddable":true,"href":"https:\/\/www.cnam.ie\/ga\/wp-json\/wp\/v2\/comments?post=7649"}],"version-history":[{"count":1,"href":"https:\/\/www.cnam.ie\/ga\/wp-json\/wp\/v2\/posts\/7649\/revisions"}],"predecessor-version":[{"id":13941,"href":"https:\/\/www.cnam.ie\/ga\/wp-json\/wp\/v2\/posts\/7649\/revisions\/13941"}],"wp:featuredmedia":[{"embeddable":true,"href":"https:\/\/www.cnam.ie\/ga\/wp-json\/wp\/v2\/media\/6620"}],"wp:attachment":[{"href":"https:\/\/www.cnam.ie\/ga\/wp-json\/wp\/v2\/media?parent=7649"}],"wp:term":[{"taxonomy":"category","embeddable":true,"href":"https:\/\/www.cnam.ie\/ga\/wp-json\/wp\/v2\/categories?post=7649"},{"taxonomy":"post_tag","embeddable":true,"href":"https:\/\/www.cnam.ie\/ga\/wp-json\/wp\/v2\/tags?post=7649"}],"curies":[{"name":"wp","href":"https:\/\/api.w.org\/{rel}","templated":true}]}}